{"id":8796,"date":"2025-03-20T01:05:00","date_gmt":"2025-03-20T04:05:00","guid":{"rendered":"https:\/\/magazineweb.com.ar\/?p=8796"},"modified":"2025-03-09T01:00:28","modified_gmt":"2025-03-09T04:00:28","slug":"mosaiquismo-por-la-memoria-una-propuesta-artistica-en-plaza-calegari","status":"publish","type":"post","link":"https:\/\/magazineweb.com.ar\/?p=8796","title":{"rendered":"Mosaiquismo por la memoria: una propuesta art\u00edstica en Plaza Calegari"},"content":{"rendered":"\n<p>La intervenci\u00f3n del espacio p\u00fablico ser\u00e1 el 25 de marzo a las 18 hs. en el parque situado sobre Av. Tte. Gral. Juan Domingo Per\u00f3n, a cargo de los estudiantes en el taller de verano de la disciplina.<\/p>\n\n\n\n<p>Durante una entrevista en la Radio Municipal, Diego Candia -profesor- junto con Emanuel Fiorentini -alumno- describen una iniciativa que consiste en confeccionar un mural en homenaje a las abuelas de Plaza de Mayo.<\/p>\n\n\n\n<p>\u201cSiempre realizamos pinturas o trabajos en escuelas. En el curso de esta temporada, surge la idea de trabajar con la tem\u00e1tica de los pa\u00f1uelos y las mariposas como conmemoraci\u00f3n\u201d, comenta el docente.<\/p>\n\n\n\n<p>Por su parte, el estudiante destaca \u201cla facilidad con la que aprendo a manejar el mosaico luego de conocer las t\u00e9cnicas apropiadas\u201d. Adem\u00e1s, expresa su \u201centusiasmo por seguir con las clases\u201d.<\/p>\n","protected":false},"excerpt":{"rendered":"<p>La intervenci\u00f3n del espacio p\u00fablico ser\u00e1 el 25 de marzo a las 18 hs. en el parque situado sobre Av. Tte. Gral. Juan Domingo Per\u00f3n, a cargo de los estudiantes&hellip;<\/p>\n","protected":false},"author":3,"featured_media":8797,"comment_status":"closed","ping_status":"closed","sticky":false,"template":"","format":"standard","meta":{"footnotes":""},"categories":[9],"tags":[],"class_list":["post-8796","post","type-post","status-publish","format-standard","has-post-thumbnail","hentry","category-informacion-general"],"rttpg_featured_image_url":{"full":["https:\/\/magazineweb.com.ar\/wp-content\/uploads\/2025\/03\/mosa.jpg",1280,720,false],"landscape":["https:\/\/magazineweb.com.ar\/wp-content\/uploads\/2025\/03\/mosa.jpg",1280,720,false],"portraits":["https:\/\/magazineweb.com.ar\/wp-content\/uploads\/2025\/03\/mosa.jpg",1280,720,false],"thumbnail":["https:\/\/magazineweb.com.ar\/wp-content\/uploads\/2025\/03\/mosa-150x150.jpg",150,150,true],"medium":["https:\/\/magazineweb.com.ar\/wp-content\/uploads\/2025\/03\/mosa-300x169.jpg",300,169,true],"large":["https:\/\/magazineweb.com.ar\/wp-content\/uploads\/2025\/03\/mosa-1024x576.jpg",1024,576,true],"1536x1536":["https:\/\/magazineweb.com.ar\/wp-content\/uploads\/2025\/03\/mosa.jpg",1280,720,false],"2048x2048":["https:\/\/magazineweb.com.ar\/wp-content\/uploads\/2025\/03\/mosa.jpg",1280,720,false],"ultp_layout_landscape_large":["https:\/\/magazineweb.com.ar\/wp-content\/uploads\/2025\/03\/mosa-1200x720.jpg",1200,720,true],"ultp_layout_landscape":["https:\/\/magazineweb.com.ar\/wp-content\/uploads\/2025\/03\/mosa-870x570.jpg",870,570,true],"ultp_layout_portrait":["https:\/\/magazineweb.com.ar\/wp-content\/uploads\/2025\/03\/mosa-600x720.jpg",600,720,true],"ultp_layout_square":["https:\/\/magazineweb.com.ar\/wp-content\/uploads\/2025\/03\/mosa-600x600.jpg",600,600,true]},"rttpg_author":{"display_name":"Redacci\u00f3n Magazine Web","author_link":"https:\/\/magazineweb.com.ar\/?author=3"},"rttpg_comment":0,"rttpg_category":"<a href=\"https:\/\/magazineweb.com.ar\/?cat=9\" rel=\"category\">Informaci\u00f3n General<\/a>","rttpg_excerpt":"La intervenci\u00f3n del espacio p\u00fablico ser\u00e1 el 25 de marzo a las 18 hs. en el parque situado sobre Av. Tte. Gral. Juan Domingo Per\u00f3n, a cargo de los estudiantes&hellip;","_links":{"self":[{"href":"https:\/\/magazineweb.com.ar\/index.php?rest_route=\/wp\/v2\/posts\/8796","targetHints":{"allow":["GET"]}}],"collection":[{"href":"https:\/\/magazineweb.com.ar\/index.php?rest_route=\/wp\/v2\/posts"}],"about":[{"href":"https:\/\/magazineweb.com.ar\/index.php?rest_route=\/wp\/v2\/types\/post"}],"author":[{"embeddable":true,"href":"https:\/\/magazineweb.com.ar\/index.php?rest_route=\/wp\/v2\/users\/3"}],"replies":[{"embeddable":true,"href":"https:\/\/magazineweb.com.ar\/index.php?rest_route=%2Fwp%2Fv2%2Fcomments&post=8796"}],"version-history":[{"count":1,"href":"https:\/\/magazineweb.com.ar\/index.php?rest_route=\/wp\/v2\/posts\/8796\/revisions"}],"predecessor-version":[{"id":8798,"href":"https:\/\/magazineweb.com.ar\/index.php?rest_route=\/wp\/v2\/posts\/8796\/revisions\/8798"}],"wp:featuredmedia":[{"embeddable":true,"href":"https:\/\/magazineweb.com.ar\/index.php?rest_route=\/wp\/v2\/media\/8797"}],"wp:attachment":[{"href":"https:\/\/magazineweb.com.ar\/index.php?rest_route=%2Fwp%2Fv2%2Fmedia&parent=8796"}],"wp:term":[{"taxonomy":"category","embeddable":true,"href":"https:\/\/magazineweb.com.ar\/index.php?rest_route=%2Fwp%2Fv2%2Fcategories&post=8796"},{"taxonomy":"post_tag","embeddable":true,"href":"https:\/\/magazineweb.com.ar\/index.php?rest_route=%2Fwp%2Fv2%2Ftags&post=8796"}],"curies":[{"name":"wp","href":"https:\/\/api.w.org\/{rel}","templated":true}]}}