{"id":8847,"date":"2025-03-19T01:07:00","date_gmt":"2025-03-19T04:07:00","guid":{"rendered":"https:\/\/magazineweb.com.ar\/?p=8847"},"modified":"2025-03-20T15:08:45","modified_gmt":"2025-03-20T18:08:45","slug":"el-municipio-de-quilmes-invita-al-encuentro-ciudades-por-los-derechos-culturales-con-invitados-internacionales","status":"publish","type":"post","link":"https:\/\/magazineweb.com.ar\/?p=8847","title":{"rendered":"El Municipio de Quilmes invita al encuentro \u00abCiudades por los Derechos Culturales\u00bb con invitados internacionales"},"content":{"rendered":"\n<p>El Municipio de Quilmes invita a la comunidad, organizaciones culturales, artistas y vecinos a participar del evento \u201cCiudades por los Derechos Culturales\u201d que se realizar\u00e1 los d\u00edas viernes 21 y s\u00e1bado 22 de marzo en el distrito. Se trata de un encuentro que dar\u00e1 inicio a la construcci\u00f3n de la Carta de Derechos de Quilmes, la primera de Argentina.<\/p>\n\n\n\n<p>La Carta de Derechos Culturales es una declaraci\u00f3n de principios e iniciativas que la ciudadan\u00eda trabajar\u00e1 durante un proceso participativo que durar\u00e1 dos a\u00f1os, con la finalidad que queden expresados los derechos culturales de la poblaci\u00f3n quilme\u00f1a.<\/p>\n\n\n\n<p>La declaraci\u00f3n partir\u00e1 del reconocimiento del aporte de la identidad local, la diversidad cultural, al acceso y disfrute pleno de la vida cultural, la innovaci\u00f3n desde los territorios, la gobernanza participativa y de la cultura viva.<\/p>\n\n\n\n<p>Quilmes ejerce la Vicepresidencia de Gobernanza e Integraci\u00f3n Cultural de la Red Mercociudades, red regional que agrupa a m\u00e1s de 300 gobiernos locales de la regi\u00f3n, donde ha desarrollado una serie de iniciativas, junto a otras ciudades, que promueven el posicionamiento de la cultura como un pilar del desarrollo sostenible y la carta de derechos culturales como un instrumento indispensable para su promoci\u00f3n.<\/p>\n\n\n\n<p>Por ese motivo, el evento permitir\u00e1 celebrar el inicio de este proceso y reafirmar la cultura como un derecho humano fundamental de los pueblos.<\/p>\n\n\n\n<p>Adem\u00e1s se llevar\u00e1n a cabo espacios de intercambio de experiencias con autoridades de gobierno, referentes de la cultura popular, del \u00e1mbito acad\u00e9mico y de la sociedad civil que poseen una vasta trayectoria en la elaboraci\u00f3n e implementaci\u00f3n de la carta de derechos culturales en ciudades de Am\u00e9rica Latina. Durante las jornadas habr\u00e1 presentaciones art\u00edsticas abiertas y gratuitas para todo el p\u00fablico.<\/p>\n\n\n\n<p>El evento iniciar\u00e1 el viernes 21, desde las 17h en el Teatro Municipal de Quilmes, ubicado en la calle Mitre 721, donde se llevar\u00e1 a cabo la Conferencia Inaugural &nbsp;\u201cDemocracia Cultural: la comunidad organizada por sus derechos\u201d que contar\u00e1 con la disertaci\u00f3n de la Intendenta Municipal Mayra Mendoza y la Presidenta del Instituto Cultural de la Provincia de Buenos Aires, Florencia Saintout.<\/p>\n\n\n\n<p>Tambi\u00e9n se presentar\u00e1 la orquesta juvenil de Quilmes y seguidamente habr\u00e1 un panel con invitados internacionales y referentes de la cultura en la regi\u00f3n.<\/p>\n\n\n\n<p>Durante la segunda jornada, el s\u00e1bado 22, de 10 a 13, se llevar\u00e1n a cabo conversatorios y laboratorios de innovaci\u00f3n cultural en el Museo de Artes Visuales \u201cV\u00edctor Roverano\u201d, ubicado en la calle Rivadavia 498, en Quilmes Centro.<\/p>\n\n\n\n<p>Cabe remarcar que este encuentro cuenta con el apoyo del Instituto Cultural de la Provincia de Buenos Aires, IberCultura Viva y la Red &nbsp;Mercociudades.<\/p>\n\n\n\n<p>A continuaci\u00f3n se adjunta la programaci\u00f3n completa del encuentro y el formulario de inscripci\u00f3n:&nbsp;<a rel=\"noreferrer noopener\" target=\"_blank\" href=\"https:\/\/docs.google.com\/forms\/d\/e\/1FAIpQLScM3HLD8LRZ8l3TKtaQoAn3hhUeBwd6s5L3cRoAFN-S2keu3g\/viewform\">https:\/\/docs.google.com\/forms\/d\/e\/1FAIpQLScM3HLD8LRZ8l3TKtaQoAn3hhUeBwd6s5L3cRoAFN-S2keu3g\/viewform<\/a><\/p>\n","protected":false},"excerpt":{"rendered":"<p>El Municipio de Quilmes invita a la comunidad, organizaciones culturales, artistas y vecinos a participar del evento \u201cCiudades por los Derechos Culturales\u201d que se realizar\u00e1 los d\u00edas viernes 21 y&hellip;<\/p>\n","protected":false},"author":3,"featured_media":8848,"comment_status":"closed","ping_status":"closed","sticky":false,"template":"","format":"standard","meta":{"footnotes":""},"categories":[4,9],"tags":[],"class_list":["post-8847","post","type-post","status-publish","format-standard","has-post-thumbnail","hentry","category-destacados","category-informacion-general"],"rttpg_featured_image_url":{"full":["https:\/\/magazineweb.com.ar\/wp-content\/uploads\/2025\/03\/Ciudades-por-derechos-2.jpeg",1081,1351,false],"landscape":["https:\/\/magazineweb.com.ar\/wp-content\/uploads\/2025\/03\/Ciudades-por-derechos-2.jpeg",1081,1351,false],"portraits":["https:\/\/magazineweb.com.ar\/wp-content\/uploads\/2025\/03\/Ciudades-por-derechos-2.jpeg",1081,1351,false],"thumbnail":["https:\/\/magazineweb.com.ar\/wp-content\/uploads\/2025\/03\/Ciudades-por-derechos-2-150x150.jpeg",150,150,true],"medium":["https:\/\/magazineweb.com.ar\/wp-content\/uploads\/2025\/03\/Ciudades-por-derechos-2-240x300.jpeg",240,300,true],"large":["https:\/\/magazineweb.com.ar\/wp-content\/uploads\/2025\/03\/Ciudades-por-derechos-2-819x1024.jpeg",819,1024,true],"1536x1536":["https:\/\/magazineweb.com.ar\/wp-content\/uploads\/2025\/03\/Ciudades-por-derechos-2.jpeg",1081,1351,false],"2048x2048":["https:\/\/magazineweb.com.ar\/wp-content\/uploads\/2025\/03\/Ciudades-por-derechos-2.jpeg",1081,1351,false],"ultp_layout_landscape_large":["https:\/\/magazineweb.com.ar\/wp-content\/uploads\/2025\/03\/Ciudades-por-derechos-2-1081x800.jpeg",1081,800,true],"ultp_layout_landscape":["https:\/\/magazineweb.com.ar\/wp-content\/uploads\/2025\/03\/Ciudades-por-derechos-2-870x570.jpeg",870,570,true],"ultp_layout_portrait":["https:\/\/magazineweb.com.ar\/wp-content\/uploads\/2025\/03\/Ciudades-por-derechos-2-600x900.jpeg",600,900,true],"ultp_layout_square":["https:\/\/magazineweb.com.ar\/wp-content\/uploads\/2025\/03\/Ciudades-por-derechos-2-600x600.jpeg",600,600,true]},"rttpg_author":{"display_name":"Redacci\u00f3n Magazine Web","author_link":"https:\/\/magazineweb.com.ar\/?author=3"},"rttpg_comment":0,"rttpg_category":"<a href=\"https:\/\/magazineweb.com.ar\/?cat=4\" rel=\"category\">Destacados<\/a> <a href=\"https:\/\/magazineweb.com.ar\/?cat=9\" rel=\"category\">Informaci\u00f3n General<\/a>","rttpg_excerpt":"El Municipio de Quilmes invita a la comunidad, organizaciones culturales, artistas y vecinos a participar del evento \u201cCiudades por los Derechos Culturales\u201d que se realizar\u00e1 los d\u00edas viernes 21 y&hellip;","_links":{"self":[{"href":"https:\/\/magazineweb.com.ar\/index.php?rest_route=\/wp\/v2\/posts\/8847","targetHints":{"allow":["GET"]}}],"collection":[{"href":"https:\/\/magazineweb.com.ar\/index.php?rest_route=\/wp\/v2\/posts"}],"about":[{"href":"https:\/\/magazineweb.com.ar\/index.php?rest_route=\/wp\/v2\/types\/post"}],"author":[{"embeddable":true,"href":"https:\/\/magazineweb.com.ar\/index.php?rest_route=\/wp\/v2\/users\/3"}],"replies":[{"embeddable":true,"href":"https:\/\/magazineweb.com.ar\/index.php?rest_route=%2Fwp%2Fv2%2Fcomments&post=8847"}],"version-history":[{"count":1,"href":"https:\/\/magazineweb.com.ar\/index.php?rest_route=\/wp\/v2\/posts\/8847\/revisions"}],"predecessor-version":[{"id":8849,"href":"https:\/\/magazineweb.com.ar\/index.php?rest_route=\/wp\/v2\/posts\/8847\/revisions\/8849"}],"wp:featuredmedia":[{"embeddable":true,"href":"https:\/\/magazineweb.com.ar\/index.php?rest_route=\/wp\/v2\/media\/8848"}],"wp:attachment":[{"href":"https:\/\/magazineweb.com.ar\/index.php?rest_route=%2Fwp%2Fv2%2Fmedia&parent=8847"}],"wp:term":[{"taxonomy":"category","embeddable":true,"href":"https:\/\/magazineweb.com.ar\/index.php?rest_route=%2Fwp%2Fv2%2Fcategories&post=8847"},{"taxonomy":"post_tag","embeddable":true,"href":"https:\/\/magazineweb.com.ar\/index.php?rest_route=%2Fwp%2Fv2%2Ftags&post=8847"}],"curies":[{"name":"wp","href":"https:\/\/api.w.org\/{rel}","templated":true}]}}