{"id":8855,"date":"2025-03-23T20:17:27","date_gmt":"2025-03-23T23:17:27","guid":{"rendered":"https:\/\/magazineweb.com.ar\/?p=8855"},"modified":"2025-03-23T20:17:28","modified_gmt":"2025-03-23T23:17:28","slug":"panorama-las-conversaciones-en-uxp-ante-un-instancia-clave-para-la-interna-entre-kicillof-y-cristina","status":"publish","type":"post","link":"https:\/\/magazineweb.com.ar\/?p=8855","title":{"rendered":"Panorama: Las conversaciones en UxP ante un instancia clave para la interna entre Kicillof y Cristina"},"content":{"rendered":"\n<p>L<em>a hoja de ruta en la que conf\u00eda el gobernador para un acuerdo con la expresidenta. Qu\u00e9 y qui\u00e9nes negocian. C\u00f3mo se perfila al alianza bonaerense entre LLA y PRO y qu\u00e9 pasar\u00e1 con la UCR.<\/em><\/p>\n\n\n\n<p>Por Andr\u00e9s Lavaselli<\/p>\n\n\n\n<p>El avance del a\u00f1o parece acelerar definiciones electorales en la pol\u00edtica bonaerense. &nbsp;Mientras en Uni\u00f3n por la Patria hay conversaciones -muy dificultosas y de resultado incierto pero activas- para intentar un acercamiento entre Axel Kicillof y Cristina Kirchner que podr\u00eda tener una primera expresi\u00f3n el jueves en la Legislatura, la rendici\u00f3n de Mauricio Macri ante sus propios coroneles habilit\u00f3 un esquema de unidad entre La Libertad Avanza y PRO que pone en un lugar inc\u00f3modo al radicalismo, inmerso en su propio laberinto interno.<\/p>\n\n\n\n<p>La posibilidad de atemperar la pelea en el oficialismo est\u00e1 contemplada en una hoja de ruta que por estas horas sigue Kicillof. El plan consiste en alcanzar un primer entendimiento que permita suspender las PASO, lo que crear\u00eda las condiciones para una negociaci\u00f3n, posterior, sobre la estrategia electoral integral. En la pr\u00e1ctica, eso implica resolver la cuesti\u00f3n del desdoblamiento y la conformaci\u00f3n de listas de unidad, un objetivo que todos los sectores reconocen como clave para asegurar la competitividad en las urnas, sobre todo si hay acuerdo LLA-PRO.<\/p>\n\n\n\n<p>Kicillof habl\u00f3 con Massa jueves y viernes, luego de que el presidente de Diputados, Alexis Guerrera, confirmara una sesi\u00f3n el jueves pr\u00f3ximo para tratar la suspensi\u00f3n de las PASO. La interlocuci\u00f3n del gobernador con Cristina es mucho m\u00e1s compleja. De hecho, es indirecta: el exministro de Econom\u00eda tercia. Pero se habilitaron otros dos canales: dos senadoras, una ultra K y otra que representa a Kicillof, y dos intendentes -uno de la tercera y otro de la primera secci\u00f3n- hacen de puente, llevando y trayecto propuestas y contrapropuestas.<\/p>\n\n\n\n<p>En el kicillofismo son optimistas. En aquellas charlas, Massa habr\u00eda prometido que sus diputados votar\u00e1n favorablemente suspender las PASO. Kicillof tambi\u00e9n habr\u00eda mantenido contactos con actores del oficialismo de la UCR. Sin embargo, no hay nada confirmado: altas fuentes del FR se limitaron a indicar a DIB que eso ocurrir\u00e1 solo si hay un acuerdo integral encaminado. El camporismo, el otro sector importante del oficialismo en la c\u00e1mara Baja, mantiene silencio. Solo indicaron que habr\u00e1 sesi\u00f3n el jueves, pero ni siquiera dieron precisiones sobre si hay conversaciones o no.<\/p>\n\n\n\n<p>La PASO qued\u00f3 convertida en la clave del conflicto en UxP porque Kicillof at\u00f3 su suspensi\u00f3n al desdoblamiento electoral, pieza clave a la vez de su intento de autonomizaci\u00f3n. Por eso, sin acuerdo cerrado, la semana que pas\u00f3 Massa y Cristina ordenaron a sus legisladores no dar qu\u00f3rum a una sesi\u00f3n en Diputados en la que iba a tratarse la eliminaci\u00f3n de las primaras. El kicillofismo respondi\u00f3: hizo que sus legisladores bajaran al recinto -naci\u00f3 as\u00ed el llamado Grupo de los 11, que responde al Gobernador- para mostrar la diferencia de criterios y presionar a sus rivales internos.<\/p>\n\n\n\n<p>En ese escenario, la sesi\u00f3n del jueves funcionar\u00e1 tambi\u00e9n como test de la posibilidad de resiliencia en el peronismo. \u00bfHay posibilidades de superar la foto de fractura del mi\u00e9rcoles pasado, con todo el enojo larvado que contuvo? Al argumento de la necesidad de avanzar en un entendimiento para asegurar listas de unidad, un diputado agreg\u00f3 otro, en di\u00e1logo con DIB: \u201cla mayor\u00eda de las segundas l\u00edneas estamos cansadas de la pelea de la c\u00fapula y los ultras\u201d. Sin embargo, nadie arriesga un pron\u00f3stico.<\/p>\n\n\n\n<p>La duda central pasa por lo siguiente: \u00bfpor qu\u00e9 aceptaria el Insituto Patria avanzar con la eliminaci\u00f3n de las PASO si eso implica ceder la princioal carta de negociaci\u00f3n a la hora de discutir el cronograma electoral? Es decir, con la primaria eliminada, Kicillof no tendr\u00eda obstaculos para avanzar por decreto con el desdoblamiento.<\/p>\n\n\n\n<p>De hecho, si no hay acuerdo, anida en un despacho una idea pol\u00e9mica. Acaso explosiva. Atar, en el proyecto de Ley PASO, la fecha de elecci\u00f3n general en la provincia a la de las legislativas nacionales. Ser\u00eda la muerte del proyecto de desdoblamiento y, seguramente, el quiebre definitivo en el oficialismo. Quienes lo impulsan, amagan con una advertencia: a la oposici\u00f3n podr\u00eda convenirle, por el arrastre que supondr\u00eda la participaci\u00f3n de Milei en la campa\u00f1a, m\u00e1s all\u00e1 de que los diputados nacionales se votar\u00e1n con boleta \u00fanica y los legisladores provinciales y concejales, con lista partidaria.<\/p>\n\n\n\n<h2 class=\"wp-block-heading\">Las otras internas<\/h2>\n\n\n\n<p>En la oposici\u00f3n, la novedad es la rendici\u00f3n de Macri ante sus coroneles Cristian Ritondo y Diego Santilli: el expresidente se repliega a la pelea con los libertarios en la ciudad de Buenos Aires y deja abierta la posibilidad de un acuerdo con La Libertad Avanza en la Provincia. El hecho de que Ritondo y Santilli hayan avanzado por su cuenta en una foto con Karina Milei, a cargo del armado electoral libertario, tres d\u00edas antes de que Macri aceptara la posibilidad, da cuenta de hasta qu\u00e9 punto se trat\u00f3 de un paso que se dio m\u00e1s all\u00e1 de su opini\u00f3n.<\/p>\n\n\n\n<p>En el entorno de Ritondo y Santilli advierten que ahora se abre un per\u00edodo de negociaci\u00f3n respecto de las caracter\u00edsticas que tendr\u00e1 el acuerdo. Ambos dicen que deber\u00e1n contemplarse las estructuras que comandan. Y admiten que Jos\u00e9 Luis Espert es el n\u00famero puesto para encabezar la lista de diputados nacionales. Los libertarios solo imaginan que algunos PRO se sumen a una lista violeta, sin la creaci\u00f3n de otra identidad. Pero quiz\u00e1 no sean primeras l\u00edneas: por caso es dif\u00edcil, aunque no imposible, que Santilli, acepte ser tercero en una n\u00f3mina.<\/p>\n\n\n\n<p>Por ahora, no habr\u00e1 rupturas con la estructura amarilla. Y, dato importante para el escenario bonaerense, tampoco modificaciones en la bancada de diputados de PRO, donde Santilli comanda un grupo relativamente novedosos. Sin embargo, en el partido amarillo advierten que la elecci\u00f3n porte\u00f1a del 18 de mayo ser\u00e1 un moj\u00f3n: el resultado para PRO -adverso o favorable- repercutir\u00e1 en la Provincia, empoderando o desdibujando definitivamente a Macri. Solo en ese momento, la negociaci\u00f3n por el esquema bonaerense entrar\u00e1 en su fase definitiva.<\/p>\n\n\n\n<p>Para el radicalismo se abre una inc\u00f3gnita: el acuerdo LLA-PRO plantea desaf\u00edos nuevos. Al sector m\u00e1s alejado del mile\u00edsmo, proclive a construir una tercera v\u00eda, le quita socios potenciales. Y al m\u00e1s af\u00edn al Presidente, le suma competidores nuevos a la hora de pensar en un acoplamiento a una lista amarilla. Los radicales, de todos modos, est\u00e1n sumidos en su propio laberinto interno. Los sectores que lideran Maximiliano Abad y Mart\u00edn Lousteau negocian en una mesa pol\u00edtica integrada por cuatro dirigentes una salida pol\u00edtica al conflicto abierto tras la elecci\u00f3n de autoridades para el Comit\u00e9 Provincia. No es una cuesti\u00f3n menor: ese organismo partidario es clave a la hora de elegir autoridades partidarias. (DIB)<\/p>\n","protected":false},"excerpt":{"rendered":"<p>La hoja de ruta en la que conf\u00eda el gobernador para un acuerdo con la expresidenta. Qu\u00e9 y qui\u00e9nes negocian. C\u00f3mo se perfila al alianza bonaerense entre LLA y PRO&hellip;<\/p>\n","protected":false},"author":2,"featured_media":8856,"comment_status":"closed","ping_status":"closed","sticky":false,"template":"","format":"standard","meta":{"footnotes":""},"categories":[4,13,14],"tags":[],"class_list":["post-8855","post","type-post","status-publish","format-standard","has-post-thumbnail","hentry","category-destacados","category-politica","category-provincial"],"rttpg_featured_image_url":{"full":["https:\/\/magazineweb.com.ar\/wp-content\/uploads\/2025\/03\/Diputados-de-la-provincia.jpg",940,529,false],"landscape":["https:\/\/magazineweb.com.ar\/wp-content\/uploads\/2025\/03\/Diputados-de-la-provincia.jpg",940,529,false],"portraits":["https:\/\/magazineweb.com.ar\/wp-content\/uploads\/2025\/03\/Diputados-de-la-provincia.jpg",940,529,false],"thumbnail":["https:\/\/magazineweb.com.ar\/wp-content\/uploads\/2025\/03\/Diputados-de-la-provincia-150x150.jpg",150,150,true],"medium":["https:\/\/magazineweb.com.ar\/wp-content\/uploads\/2025\/03\/Diputados-de-la-provincia-300x169.jpg",300,169,true],"large":["https:\/\/magazineweb.com.ar\/wp-content\/uploads\/2025\/03\/Diputados-de-la-provincia.jpg",940,529,false],"1536x1536":["https:\/\/magazineweb.com.ar\/wp-content\/uploads\/2025\/03\/Diputados-de-la-provincia.jpg",940,529,false],"2048x2048":["https:\/\/magazineweb.com.ar\/wp-content\/uploads\/2025\/03\/Diputados-de-la-provincia.jpg",940,529,false],"ultp_layout_landscape_large":["https:\/\/magazineweb.com.ar\/wp-content\/uploads\/2025\/03\/Diputados-de-la-provincia.jpg",940,529,false],"ultp_layout_landscape":["https:\/\/magazineweb.com.ar\/wp-content\/uploads\/2025\/03\/Diputados-de-la-provincia-870x529.jpg",870,529,true],"ultp_layout_portrait":["https:\/\/magazineweb.com.ar\/wp-content\/uploads\/2025\/03\/Diputados-de-la-provincia-600x529.jpg",600,529,true],"ultp_layout_square":["https:\/\/magazineweb.com.ar\/wp-content\/uploads\/2025\/03\/Diputados-de-la-provincia-600x529.jpg",600,529,true]},"rttpg_author":{"display_name":"Roxana Reinoso","author_link":"https:\/\/magazineweb.com.ar\/?author=2"},"rttpg_comment":0,"rttpg_category":"<a href=\"https:\/\/magazineweb.com.ar\/?cat=4\" rel=\"category\">Destacados<\/a> <a href=\"https:\/\/magazineweb.com.ar\/?cat=13\" rel=\"category\">Pol\u00edtica<\/a> <a href=\"https:\/\/magazineweb.com.ar\/?cat=14\" rel=\"category\">Provincial<\/a>","rttpg_excerpt":"La hoja de ruta en la que conf\u00eda el gobernador para un acuerdo con la expresidenta. Qu\u00e9 y qui\u00e9nes negocian. C\u00f3mo se perfila al alianza bonaerense entre LLA y PRO&hellip;","_links":{"self":[{"href":"https:\/\/magazineweb.com.ar\/index.php?rest_route=\/wp\/v2\/posts\/8855","targetHints":{"allow":["GET"]}}],"collection":[{"href":"https:\/\/magazineweb.com.ar\/index.php?rest_route=\/wp\/v2\/posts"}],"about":[{"href":"https:\/\/magazineweb.com.ar\/index.php?rest_route=\/wp\/v2\/types\/post"}],"author":[{"embeddable":true,"href":"https:\/\/magazineweb.com.ar\/index.php?rest_route=\/wp\/v2\/users\/2"}],"replies":[{"embeddable":true,"href":"https:\/\/magazineweb.com.ar\/index.php?rest_route=%2Fwp%2Fv2%2Fcomments&post=8855"}],"version-history":[{"count":1,"href":"https:\/\/magazineweb.com.ar\/index.php?rest_route=\/wp\/v2\/posts\/8855\/revisions"}],"predecessor-version":[{"id":8857,"href":"https:\/\/magazineweb.com.ar\/index.php?rest_route=\/wp\/v2\/posts\/8855\/revisions\/8857"}],"wp:featuredmedia":[{"embeddable":true,"href":"https:\/\/magazineweb.com.ar\/index.php?rest_route=\/wp\/v2\/media\/8856"}],"wp:attachment":[{"href":"https:\/\/magazineweb.com.ar\/index.php?rest_route=%2Fwp%2Fv2%2Fmedia&parent=8855"}],"wp:term":[{"taxonomy":"category","embeddable":true,"href":"https:\/\/magazineweb.com.ar\/index.php?rest_route=%2Fwp%2Fv2%2Fcategories&post=8855"},{"taxonomy":"post_tag","embeddable":true,"href":"https:\/\/magazineweb.com.ar\/index.php?rest_route=%2Fwp%2Fv2%2Ftags&post=8855"}],"curies":[{"name":"wp","href":"https:\/\/api.w.org\/{rel}","templated":true}]}}