{"id":8884,"date":"2025-03-27T19:20:00","date_gmt":"2025-03-27T22:20:00","guid":{"rendered":"https:\/\/magazineweb.com.ar\/?p=8884"},"modified":"2025-03-27T19:32:36","modified_gmt":"2025-03-27T22:32:36","slug":"conciliacion-obligatoria-no-habra-paro-de-colectivos","status":"publish","type":"post","link":"https:\/\/magazineweb.com.ar\/?p=8884","title":{"rendered":"Conciliaci\u00f3n obligatoria: no habr\u00e1 paro de colectivos"},"content":{"rendered":"\n<p>La Secretar\u00eda de Trabajo de la Naci\u00f3n dict\u00f3 la conciliaci\u00f3n obligatoria en el conflicto del transporte automotor, tras el anuncio de medidas de fuerza por parte de la Uni\u00f3n Tranviarios Automotor (UTA). La decisi\u00f3n se adopt\u00f3 luego de que tres c\u00e1maras empresarias del sector solicitaran la intervenci\u00f3n del Estado.<\/p>\n\n\n\n<p>El comunicado oficial del Ministerio de Capital Humano detalla que la medida fue impulsada por la Asociaci\u00f3n Argentina de Empresarios del Transporte Automotor (AAETA), la C\u00e1mara Empresaria del Autotransporte de Pasajeros (CEAP) y la C\u00e1mara de Transporte de la Provincia de Buenos Aires (CTPBA).<\/p>\n\n\n\n<p>La resoluci\u00f3n establece un per\u00edodo de conciliaci\u00f3n obligatoria de 15 d\u00edas, durante el cual tanto el gremio como las c\u00e1maras empresarias deber\u00e1n abstenerse de aplicar sanciones o realizar medidas de fuerza.<\/p>\n\n\n\n<p>\u201cLa conciliaci\u00f3n tiene como objetivo garantizar la prestaci\u00f3n del servicio p\u00fablico de transporte y preservar el di\u00e1logo entre las partes\u201d, subray\u00f3 la cartera que conduce Sandra Pettovello. Adem\u00e1s, se inst\u00f3 a los representantes gremiales y empresariales a retomar las negociaciones en un marco de legalidad y respeto.<\/p>\n","protected":false},"excerpt":{"rendered":"<p>La Secretar\u00eda de Trabajo de la Naci\u00f3n dict\u00f3 la conciliaci\u00f3n obligatoria en el conflicto del transporte automotor, tras el anuncio de medidas de fuerza por parte de la Uni\u00f3n Tranviarios&hellip;<\/p>\n","protected":false},"author":3,"featured_media":8885,"comment_status":"closed","ping_status":"closed","sticky":false,"template":"","format":"standard","meta":{"footnotes":""},"categories":[9],"tags":[],"class_list":["post-8884","post","type-post","status-publish","format-standard","has-post-thumbnail","hentry","category-informacion-general"],"rttpg_featured_image_url":{"full":["https:\/\/magazineweb.com.ar\/wp-content\/uploads\/2025\/03\/720-30.webp",1037,720,false],"landscape":["https:\/\/magazineweb.com.ar\/wp-content\/uploads\/2025\/03\/720-30.webp",1037,720,false],"portraits":["https:\/\/magazineweb.com.ar\/wp-content\/uploads\/2025\/03\/720-30.webp",1037,720,false],"thumbnail":["https:\/\/magazineweb.com.ar\/wp-content\/uploads\/2025\/03\/720-30-150x150.webp",150,150,true],"medium":["https:\/\/magazineweb.com.ar\/wp-content\/uploads\/2025\/03\/720-30-300x208.webp",300,208,true],"large":["https:\/\/magazineweb.com.ar\/wp-content\/uploads\/2025\/03\/720-30-1024x711.webp",1024,711,true],"1536x1536":["https:\/\/magazineweb.com.ar\/wp-content\/uploads\/2025\/03\/720-30.webp",1037,720,false],"2048x2048":["https:\/\/magazineweb.com.ar\/wp-content\/uploads\/2025\/03\/720-30.webp",1037,720,false],"ultp_layout_landscape_large":["https:\/\/magazineweb.com.ar\/wp-content\/uploads\/2025\/03\/720-30.webp",1037,720,false],"ultp_layout_landscape":["https:\/\/magazineweb.com.ar\/wp-content\/uploads\/2025\/03\/720-30-870x570.webp",870,570,true],"ultp_layout_portrait":["https:\/\/magazineweb.com.ar\/wp-content\/uploads\/2025\/03\/720-30-600x720.webp",600,720,true],"ultp_layout_square":["https:\/\/magazineweb.com.ar\/wp-content\/uploads\/2025\/03\/720-30-600x600.webp",600,600,true]},"rttpg_author":{"display_name":"Redacci\u00f3n Magazine Web","author_link":"https:\/\/magazineweb.com.ar\/?author=3"},"rttpg_comment":0,"rttpg_category":"<a href=\"https:\/\/magazineweb.com.ar\/?cat=9\" rel=\"category\">Informaci\u00f3n General<\/a>","rttpg_excerpt":"La Secretar\u00eda de Trabajo de la Naci\u00f3n dict\u00f3 la conciliaci\u00f3n obligatoria en el conflicto del transporte automotor, tras el anuncio de medidas de fuerza por parte de la Uni\u00f3n Tranviarios&hellip;","_links":{"self":[{"href":"https:\/\/magazineweb.com.ar\/index.php?rest_route=\/wp\/v2\/posts\/8884","targetHints":{"allow":["GET"]}}],"collection":[{"href":"https:\/\/magazineweb.com.ar\/index.php?rest_route=\/wp\/v2\/posts"}],"about":[{"href":"https:\/\/magazineweb.com.ar\/index.php?rest_route=\/wp\/v2\/types\/post"}],"author":[{"embeddable":true,"href":"https:\/\/magazineweb.com.ar\/index.php?rest_route=\/wp\/v2\/users\/3"}],"replies":[{"embeddable":true,"href":"https:\/\/magazineweb.com.ar\/index.php?rest_route=%2Fwp%2Fv2%2Fcomments&post=8884"}],"version-history":[{"count":1,"href":"https:\/\/magazineweb.com.ar\/index.php?rest_route=\/wp\/v2\/posts\/8884\/revisions"}],"predecessor-version":[{"id":8886,"href":"https:\/\/magazineweb.com.ar\/index.php?rest_route=\/wp\/v2\/posts\/8884\/revisions\/8886"}],"wp:featuredmedia":[{"embeddable":true,"href":"https:\/\/magazineweb.com.ar\/index.php?rest_route=\/wp\/v2\/media\/8885"}],"wp:attachment":[{"href":"https:\/\/magazineweb.com.ar\/index.php?rest_route=%2Fwp%2Fv2%2Fmedia&parent=8884"}],"wp:term":[{"taxonomy":"category","embeddable":true,"href":"https:\/\/magazineweb.com.ar\/index.php?rest_route=%2Fwp%2Fv2%2Fcategories&post=8884"},{"taxonomy":"post_tag","embeddable":true,"href":"https:\/\/magazineweb.com.ar\/index.php?rest_route=%2Fwp%2Fv2%2Ftags&post=8884"}],"curies":[{"name":"wp","href":"https:\/\/api.w.org\/{rel}","templated":true}]}}