{"id":8906,"date":"2025-03-31T01:05:00","date_gmt":"2025-03-31T04:05:00","guid":{"rendered":"https:\/\/magazineweb.com.ar\/?p=8906"},"modified":"2025-03-29T18:16:50","modified_gmt":"2025-03-29T21:16:50","slug":"el-newcom-varelense-protagonista-en-el-torneo-sudamericano","status":"publish","type":"post","link":"https:\/\/magazineweb.com.ar\/?p=8906","title":{"rendered":"El newcom varelense protagonista en el Torneo Sudamericano"},"content":{"rendered":"\n<p>La categor\u00eda +68 del combinado local represent\u00f3 al distrito en la competencia internacional y obtuvo el cuarto lugar.<\/p>\n\n\n\n<p>Silvia Amblitti, coordinadora del equipo, expres\u00f3: \u201cQuedamos conformes por el resultado, en particular porque nunca hab\u00edamos participado\u201d. \u201cFuimos derrotados por los bicampeones\u201d, a\u00f1adi\u00f3.<\/p>\n\n\n\n<p>Sobre la preparaci\u00f3n, la docente destac\u00f3 \u201cel entrenamiento f\u00edsico dos veces por semana y una parte m\u00e1s personalizada para corregir distintas cuestiones de juego\u201d.<\/p>\n\n\n\n<p>\u201cFue muy importante representar a Florencio Varela\u201d, sostuvo Amblitti y agradeci\u00f3 al Ejecutivo varelense por \u201cel espacio que le dio a las personas adultas mayores para practicar deporte\u201d. Por otro lado, anhel\u00f3 \u201ccrecer como conjunto\u201d a lo largo de este a\u00f1o.<\/p>\n","protected":false},"excerpt":{"rendered":"<p>La categor\u00eda +68 del combinado local represent\u00f3 al distrito en la competencia internacional y obtuvo el cuarto lugar. Silvia Amblitti, coordinadora del equipo, expres\u00f3: \u201cQuedamos conformes por el resultado, en&hellip;<\/p>\n","protected":false},"author":3,"featured_media":8907,"comment_status":"closed","ping_status":"closed","sticky":false,"template":"","format":"standard","meta":{"footnotes":""},"categories":[3],"tags":[],"class_list":["post-8906","post","type-post","status-publish","format-standard","has-post-thumbnail","hentry","category-deportes"],"rttpg_featured_image_url":{"full":["https:\/\/magazineweb.com.ar\/wp-content\/uploads\/2025\/03\/NEWCOM.jpeg",1600,1204,false],"landscape":["https:\/\/magazineweb.com.ar\/wp-content\/uploads\/2025\/03\/NEWCOM.jpeg",1600,1204,false],"portraits":["https:\/\/magazineweb.com.ar\/wp-content\/uploads\/2025\/03\/NEWCOM.jpeg",1600,1204,false],"thumbnail":["https:\/\/magazineweb.com.ar\/wp-content\/uploads\/2025\/03\/NEWCOM-150x150.jpeg",150,150,true],"medium":["https:\/\/magazineweb.com.ar\/wp-content\/uploads\/2025\/03\/NEWCOM-300x226.jpeg",300,226,true],"large":["https:\/\/magazineweb.com.ar\/wp-content\/uploads\/2025\/03\/NEWCOM-1024x771.jpeg",1024,771,true],"1536x1536":["https:\/\/magazineweb.com.ar\/wp-content\/uploads\/2025\/03\/NEWCOM-1536x1156.jpeg",1536,1156,true],"2048x2048":["https:\/\/magazineweb.com.ar\/wp-content\/uploads\/2025\/03\/NEWCOM.jpeg",1600,1204,false],"ultp_layout_landscape_large":["https:\/\/magazineweb.com.ar\/wp-content\/uploads\/2025\/03\/NEWCOM-1200x800.jpeg",1200,800,true],"ultp_layout_landscape":["https:\/\/magazineweb.com.ar\/wp-content\/uploads\/2025\/03\/NEWCOM-870x570.jpeg",870,570,true],"ultp_layout_portrait":["https:\/\/magazineweb.com.ar\/wp-content\/uploads\/2025\/03\/NEWCOM-600x900.jpeg",600,900,true],"ultp_layout_square":["https:\/\/magazineweb.com.ar\/wp-content\/uploads\/2025\/03\/NEWCOM-600x600.jpeg",600,600,true]},"rttpg_author":{"display_name":"Redacci\u00f3n Magazine Web","author_link":"https:\/\/magazineweb.com.ar\/?author=3"},"rttpg_comment":0,"rttpg_category":"<a href=\"https:\/\/magazineweb.com.ar\/?cat=3\" rel=\"category\">Deportes<\/a>","rttpg_excerpt":"La categor\u00eda +68 del combinado local represent\u00f3 al distrito en la competencia internacional y obtuvo el cuarto lugar. Silvia Amblitti, coordinadora del equipo, expres\u00f3: \u201cQuedamos conformes por el resultado, en&hellip;","_links":{"self":[{"href":"https:\/\/magazineweb.com.ar\/index.php?rest_route=\/wp\/v2\/posts\/8906","targetHints":{"allow":["GET"]}}],"collection":[{"href":"https:\/\/magazineweb.com.ar\/index.php?rest_route=\/wp\/v2\/posts"}],"about":[{"href":"https:\/\/magazineweb.com.ar\/index.php?rest_route=\/wp\/v2\/types\/post"}],"author":[{"embeddable":true,"href":"https:\/\/magazineweb.com.ar\/index.php?rest_route=\/wp\/v2\/users\/3"}],"replies":[{"embeddable":true,"href":"https:\/\/magazineweb.com.ar\/index.php?rest_route=%2Fwp%2Fv2%2Fcomments&post=8906"}],"version-history":[{"count":1,"href":"https:\/\/magazineweb.com.ar\/index.php?rest_route=\/wp\/v2\/posts\/8906\/revisions"}],"predecessor-version":[{"id":8908,"href":"https:\/\/magazineweb.com.ar\/index.php?rest_route=\/wp\/v2\/posts\/8906\/revisions\/8908"}],"wp:featuredmedia":[{"embeddable":true,"href":"https:\/\/magazineweb.com.ar\/index.php?rest_route=\/wp\/v2\/media\/8907"}],"wp:attachment":[{"href":"https:\/\/magazineweb.com.ar\/index.php?rest_route=%2Fwp%2Fv2%2Fmedia&parent=8906"}],"wp:term":[{"taxonomy":"category","embeddable":true,"href":"https:\/\/magazineweb.com.ar\/index.php?rest_route=%2Fwp%2Fv2%2Fcategories&post=8906"},{"taxonomy":"post_tag","embeddable":true,"href":"https:\/\/magazineweb.com.ar\/index.php?rest_route=%2Fwp%2Fv2%2Ftags&post=8906"}],"curies":[{"name":"wp","href":"https:\/\/api.w.org\/{rel}","templated":true}]}}