{"id":8912,"date":"2025-03-31T01:01:00","date_gmt":"2025-03-31T04:01:00","guid":{"rendered":"https:\/\/magazineweb.com.ar\/?p=8912"},"modified":"2025-03-29T20:58:42","modified_gmt":"2025-03-29T23:58:42","slug":"la-inflacion-no-cede-al-ritmo-esperado-y-casi-triplica-la-tasa-de-depreciacion-del-peso","status":"publish","type":"post","link":"https:\/\/magazineweb.com.ar\/?p=8912","title":{"rendered":"La inflaci\u00f3n no cede al ritmo esperado y casi triplica la tasa de depreciaci\u00f3n del peso"},"content":{"rendered":"\n<p>Los precios no desaceleran al ritmo esperado por el Gobierno y en marzo el IPC habr\u00eda cerrado por encima del 2,5%.<\/p>\n\n\n\n<p>Representa m\u00e1s del doble del ritmo de depreciaci\u00f3n del peso impuesto por el Gobierno, y explica por qu\u00e9 la mayor\u00eda de los expertos advierte por el atraso cambiario.<\/p>\n\n\n\n<p>El Gobierno viene apostando a una inflaci\u00f3n mensual cercana al 2%.<\/p>\n\n\n\n<p>Y el presidente Javier Milei hasta vaticin\u00f3 que en el segundo semestre el costo de vida bajar\u00e1 al 1 por ciento mensual.<\/p>\n\n\n\n<p>Pero otra fuerte suba en los alimentos, que habr\u00eda rondado el 4% este mes, llevar\u00eda el IPC a la zona del 2,5%.<\/p>\n\n\n\n<p>El INDEC dinfudir\u00e1 el 11 de abril el IPC.<\/p>\n\n\n\n<p>Por un alza del 3,3% en alimentos como promedio de las \u00faltimas cuatro semanas, la consultora Analytica estima una inflaci\u00f3n mensual del 2,5%.<\/p>\n\n\n\n<p>La mayor suba se produjo en verduras, con el 13,6%, y carnes, 4%.<\/p>\n\n\n\n<p>En tanto, para la consultora EcoGo, el alza de precios se ubicar\u00e1 este mes en un 2,7%.<\/p>\n\n\n\n<p>Incluso, alert\u00f3 que en abril el alza podr\u00eda ser mayor, porque esperan una suba del d\u00f3lar.<\/p>\n\n\n\n<p>En febrero, la suba de la carne impuls\u00f3 el indicador al alza, dejando un arrastre fuerte.<\/p>\n\n\n\n<p>En esa l\u00ednea, la consultora LCG estima para marzo un costo de vida del 2,6%.<\/p>\n\n\n\n<p>Uno de los mayores desaf\u00edos para el Gobierno es frenar el impacto que el mercado de cambios est\u00e1 teniendo sobre la remarcaci\u00f3n de precios.<\/p>\n","protected":false},"excerpt":{"rendered":"<p>Los precios no desaceleran al ritmo esperado por el Gobierno y en marzo el IPC habr\u00eda cerrado por encima del 2,5%. Representa m\u00e1s del doble del ritmo de depreciaci\u00f3n del&hellip;<\/p>\n","protected":false},"author":3,"featured_media":8913,"comment_status":"closed","ping_status":"closed","sticky":false,"template":"","format":"standard","meta":{"footnotes":""},"categories":[4,17],"tags":[],"class_list":["post-8912","post","type-post","status-publish","format-standard","has-post-thumbnail","hentry","category-destacados","category-nacional"],"rttpg_featured_image_url":{"full":["https:\/\/magazineweb.com.ar\/wp-content\/uploads\/2025\/03\/720-32.webp",1081,720,false],"landscape":["https:\/\/magazineweb.com.ar\/wp-content\/uploads\/2025\/03\/720-32.webp",1081,720,false],"portraits":["https:\/\/magazineweb.com.ar\/wp-content\/uploads\/2025\/03\/720-32.webp",1081,720,false],"thumbnail":["https:\/\/magazineweb.com.ar\/wp-content\/uploads\/2025\/03\/720-32-150x150.webp",150,150,true],"medium":["https:\/\/magazineweb.com.ar\/wp-content\/uploads\/2025\/03\/720-32-300x200.webp",300,200,true],"large":["https:\/\/magazineweb.com.ar\/wp-content\/uploads\/2025\/03\/720-32-1024x682.webp",1024,682,true],"1536x1536":["https:\/\/magazineweb.com.ar\/wp-content\/uploads\/2025\/03\/720-32.webp",1081,720,false],"2048x2048":["https:\/\/magazineweb.com.ar\/wp-content\/uploads\/2025\/03\/720-32.webp",1081,720,false],"ultp_layout_landscape_large":["https:\/\/magazineweb.com.ar\/wp-content\/uploads\/2025\/03\/720-32.webp",1081,720,false],"ultp_layout_landscape":["https:\/\/magazineweb.com.ar\/wp-content\/uploads\/2025\/03\/720-32-870x570.webp",870,570,true],"ultp_layout_portrait":["https:\/\/magazineweb.com.ar\/wp-content\/uploads\/2025\/03\/720-32-600x720.webp",600,720,true],"ultp_layout_square":["https:\/\/magazineweb.com.ar\/wp-content\/uploads\/2025\/03\/720-32-600x600.webp",600,600,true]},"rttpg_author":{"display_name":"Redacci\u00f3n Magazine Web","author_link":"https:\/\/magazineweb.com.ar\/?author=3"},"rttpg_comment":0,"rttpg_category":"<a href=\"https:\/\/magazineweb.com.ar\/?cat=4\" rel=\"category\">Destacados<\/a> <a href=\"https:\/\/magazineweb.com.ar\/?cat=17\" rel=\"category\">Nacional<\/a>","rttpg_excerpt":"Los precios no desaceleran al ritmo esperado por el Gobierno y en marzo el IPC habr\u00eda cerrado por encima del 2,5%. Representa m\u00e1s del doble del ritmo de depreciaci\u00f3n del&hellip;","_links":{"self":[{"href":"https:\/\/magazineweb.com.ar\/index.php?rest_route=\/wp\/v2\/posts\/8912","targetHints":{"allow":["GET"]}}],"collection":[{"href":"https:\/\/magazineweb.com.ar\/index.php?rest_route=\/wp\/v2\/posts"}],"about":[{"href":"https:\/\/magazineweb.com.ar\/index.php?rest_route=\/wp\/v2\/types\/post"}],"author":[{"embeddable":true,"href":"https:\/\/magazineweb.com.ar\/index.php?rest_route=\/wp\/v2\/users\/3"}],"replies":[{"embeddable":true,"href":"https:\/\/magazineweb.com.ar\/index.php?rest_route=%2Fwp%2Fv2%2Fcomments&post=8912"}],"version-history":[{"count":1,"href":"https:\/\/magazineweb.com.ar\/index.php?rest_route=\/wp\/v2\/posts\/8912\/revisions"}],"predecessor-version":[{"id":8914,"href":"https:\/\/magazineweb.com.ar\/index.php?rest_route=\/wp\/v2\/posts\/8912\/revisions\/8914"}],"wp:featuredmedia":[{"embeddable":true,"href":"https:\/\/magazineweb.com.ar\/index.php?rest_route=\/wp\/v2\/media\/8913"}],"wp:attachment":[{"href":"https:\/\/magazineweb.com.ar\/index.php?rest_route=%2Fwp%2Fv2%2Fmedia&parent=8912"}],"wp:term":[{"taxonomy":"category","embeddable":true,"href":"https:\/\/magazineweb.com.ar\/index.php?rest_route=%2Fwp%2Fv2%2Fcategories&post=8912"},{"taxonomy":"post_tag","embeddable":true,"href":"https:\/\/magazineweb.com.ar\/index.php?rest_route=%2Fwp%2Fv2%2Ftags&post=8912"}],"curies":[{"name":"wp","href":"https:\/\/api.w.org\/{rel}","templated":true}]}}