{"id":8919,"date":"2025-04-03T01:06:00","date_gmt":"2025-04-03T04:06:00","guid":{"rendered":"https:\/\/magazineweb.com.ar\/?p=8919"},"modified":"2025-04-02T23:52:25","modified_gmt":"2025-04-03T02:52:25","slug":"berazategui-disfruto-de-la-noche-de-los-museos","status":"publish","type":"post","link":"https:\/\/magazineweb.com.ar\/?p=8919","title":{"rendered":"Berazategui disfrut\u00f3 de la Noche de los Museos"},"content":{"rendered":"\n<p id=\"block-1e3fff5e-9fcb-44db-9938-eb644f0209df\">Se realiz\u00f3 una nueva edici\u00f3n de la Noche de los Museos de Berazategui \u00abM\u00e1s all\u00e1 del encuadre\u201d, que incluy\u00f3 varias actividades, como muestras, recorridos especiales, espect\u00e1culos y shows musicales. Del itinerario formaron parte los Museos municipales Hist\u00f3rico, del Vidrio, del Golf Roberto De Vicenzo y Taller C\u00e9sar Bustillo.<\/p>\n\n\n\n<p id=\"block-e27ec351-3257-4bfa-869b-7697a4d6168f\">El secretario de Cultura y Educaci\u00f3n, Federico L\u00f3pez, inform\u00f3: \u201cCientos de vecinos y vecinas pasaron por esta edici\u00f3n de la Noche de los Museos. Estamos muy felices de que hayan disfrutado de los museos municipales, que abrieron sus puertas por iniciativa del intendente Juan Jos\u00e9 Mussi, para hacer realidad esta fiesta de la cultura\u201d.<\/p>\n\n\n\n<p id=\"block-6b5ba7d6-5eaa-4d35-b39a-9e1bc897f0c3\">El objetivo de este evento fue que las familias pudieran disfrutar de toda la propuesta cultural de Berazategui, en un \u00e1mbito distinto y novedoso, bajo la luz de la luna y las estrellas. De esta manera, la Municipalidad puso a disposici\u00f3n de los visitantes un servicio de transporte gratuito que recorri\u00f3 cada uno de los museos, para trasladar a quienes no tuvieran movilidad propia. Adem\u00e1s, hubo foodtrucks con variadas propuestas gastron\u00f3micas.<\/p>\n","protected":false},"excerpt":{"rendered":"<p>Se realiz\u00f3 una nueva edici\u00f3n de la Noche de los Museos de Berazategui \u00abM\u00e1s all\u00e1 del encuadre\u201d, que incluy\u00f3 varias actividades, como muestras, recorridos especiales, espect\u00e1culos y shows musicales. Del&hellip;<\/p>\n","protected":false},"author":3,"featured_media":8920,"comment_status":"closed","ping_status":"closed","sticky":false,"template":"","format":"standard","meta":{"footnotes":""},"categories":[7],"tags":[],"class_list":["post-8919","post","type-post","status-publish","format-standard","has-post-thumbnail","hentry","category-espectaculos"],"rttpg_featured_image_url":{"full":["https:\/\/magazineweb.com.ar\/wp-content\/uploads\/2025\/04\/BERAZATEGUI-DISFRUTO-DE-LA-NOCHE-DE-LOS-MUSEOS-2-1.jpg",1920,1280,false],"landscape":["https:\/\/magazineweb.com.ar\/wp-content\/uploads\/2025\/04\/BERAZATEGUI-DISFRUTO-DE-LA-NOCHE-DE-LOS-MUSEOS-2-1.jpg",1920,1280,false],"portraits":["https:\/\/magazineweb.com.ar\/wp-content\/uploads\/2025\/04\/BERAZATEGUI-DISFRUTO-DE-LA-NOCHE-DE-LOS-MUSEOS-2-1.jpg",1920,1280,false],"thumbnail":["https:\/\/magazineweb.com.ar\/wp-content\/uploads\/2025\/04\/BERAZATEGUI-DISFRUTO-DE-LA-NOCHE-DE-LOS-MUSEOS-2-1-150x150.jpg",150,150,true],"medium":["https:\/\/magazineweb.com.ar\/wp-content\/uploads\/2025\/04\/BERAZATEGUI-DISFRUTO-DE-LA-NOCHE-DE-LOS-MUSEOS-2-1-300x200.jpg",300,200,true],"large":["https:\/\/magazineweb.com.ar\/wp-content\/uploads\/2025\/04\/BERAZATEGUI-DISFRUTO-DE-LA-NOCHE-DE-LOS-MUSEOS-2-1-1024x683.jpg",1024,683,true],"1536x1536":["https:\/\/magazineweb.com.ar\/wp-content\/uploads\/2025\/04\/BERAZATEGUI-DISFRUTO-DE-LA-NOCHE-DE-LOS-MUSEOS-2-1-1536x1024.jpg",1536,1024,true],"2048x2048":["https:\/\/magazineweb.com.ar\/wp-content\/uploads\/2025\/04\/BERAZATEGUI-DISFRUTO-DE-LA-NOCHE-DE-LOS-MUSEOS-2-1.jpg",1920,1280,false],"ultp_layout_landscape_large":["https:\/\/magazineweb.com.ar\/wp-content\/uploads\/2025\/04\/BERAZATEGUI-DISFRUTO-DE-LA-NOCHE-DE-LOS-MUSEOS-2-1-1200x800.jpg",1200,800,true],"ultp_layout_landscape":["https:\/\/magazineweb.com.ar\/wp-content\/uploads\/2025\/04\/BERAZATEGUI-DISFRUTO-DE-LA-NOCHE-DE-LOS-MUSEOS-2-1-870x570.jpg",870,570,true],"ultp_layout_portrait":["https:\/\/magazineweb.com.ar\/wp-content\/uploads\/2025\/04\/BERAZATEGUI-DISFRUTO-DE-LA-NOCHE-DE-LOS-MUSEOS-2-1-600x900.jpg",600,900,true],"ultp_layout_square":["https:\/\/magazineweb.com.ar\/wp-content\/uploads\/2025\/04\/BERAZATEGUI-DISFRUTO-DE-LA-NOCHE-DE-LOS-MUSEOS-2-1-600x600.jpg",600,600,true]},"rttpg_author":{"display_name":"Redacci\u00f3n Magazine Web","author_link":"https:\/\/magazineweb.com.ar\/?author=3"},"rttpg_comment":0,"rttpg_category":"<a href=\"https:\/\/magazineweb.com.ar\/?cat=7\" rel=\"category\">Espect\u00e1culos<\/a>","rttpg_excerpt":"Se realiz\u00f3 una nueva edici\u00f3n de la Noche de los Museos de Berazategui \u00abM\u00e1s all\u00e1 del encuadre\u201d, que incluy\u00f3 varias actividades, como muestras, recorridos especiales, espect\u00e1culos y shows musicales. Del&hellip;","_links":{"self":[{"href":"https:\/\/magazineweb.com.ar\/index.php?rest_route=\/wp\/v2\/posts\/8919","targetHints":{"allow":["GET"]}}],"collection":[{"href":"https:\/\/magazineweb.com.ar\/index.php?rest_route=\/wp\/v2\/posts"}],"about":[{"href":"https:\/\/magazineweb.com.ar\/index.php?rest_route=\/wp\/v2\/types\/post"}],"author":[{"embeddable":true,"href":"https:\/\/magazineweb.com.ar\/index.php?rest_route=\/wp\/v2\/users\/3"}],"replies":[{"embeddable":true,"href":"https:\/\/magazineweb.com.ar\/index.php?rest_route=%2Fwp%2Fv2%2Fcomments&post=8919"}],"version-history":[{"count":1,"href":"https:\/\/magazineweb.com.ar\/index.php?rest_route=\/wp\/v2\/posts\/8919\/revisions"}],"predecessor-version":[{"id":8921,"href":"https:\/\/magazineweb.com.ar\/index.php?rest_route=\/wp\/v2\/posts\/8919\/revisions\/8921"}],"wp:featuredmedia":[{"embeddable":true,"href":"https:\/\/magazineweb.com.ar\/index.php?rest_route=\/wp\/v2\/media\/8920"}],"wp:attachment":[{"href":"https:\/\/magazineweb.com.ar\/index.php?rest_route=%2Fwp%2Fv2%2Fmedia&parent=8919"}],"wp:term":[{"taxonomy":"category","embeddable":true,"href":"https:\/\/magazineweb.com.ar\/index.php?rest_route=%2Fwp%2Fv2%2Fcategories&post=8919"},{"taxonomy":"post_tag","embeddable":true,"href":"https:\/\/magazineweb.com.ar\/index.php?rest_route=%2Fwp%2Fv2%2Ftags&post=8919"}],"curies":[{"name":"wp","href":"https:\/\/api.w.org\/{rel}","templated":true}]}}