{"id":8934,"date":"2025-04-03T01:05:00","date_gmt":"2025-04-03T04:05:00","guid":{"rendered":"https:\/\/magazineweb.com.ar\/?p=8934"},"modified":"2025-04-03T00:58:27","modified_gmt":"2025-04-03T03:58:27","slug":"varela-controles-oftalmologicos-gratuitos-a-estudiantes-de-la-primaria-no5","status":"publish","type":"post","link":"https:\/\/magazineweb.com.ar\/?p=8934","title":{"rendered":"Varela: Controles oftalmol\u00f3gicos gratuitos a estudiantes de la Primaria N\u00ba5"},"content":{"rendered":"\n<p>El Municipio, en articulaci\u00f3n con la Fundaci\u00f3n Banco Provincia, despleg\u00f3 otro operativo con testeos de agudeza visual a alumnos y alumnas del establecimiento situado en Villa San Luis, con el programa \u00abVer para aprender\u00bb como contexto.<\/p>\n\n\n\n<p>\u201cEn el 2024 visitamos 16 escuelas, realizamos 1500 chequeos oftalmol\u00f3gicos, a partir de los cuales m\u00e1s de 200 chicos y chicas recibieron sus lentes\u201d, rememor\u00f3 la responsable de la cartera sanitaria local, Adriana Alonso. \u201cHoy tambi\u00e9n sumamos stands de vacunaci\u00f3n de Calendario e inscripci\u00f3n al servicio de Telemedecina\u201d, agreg\u00f3.<\/p>\n\n\n\n<p>En tanto, la secretaria de Educaci\u00f3n, Andrea Digiobani, celebr\u00f3 \u201cuna pol\u00edtica impulsada por el intendente Andr\u00e9s Watson junto al gobierno bonaerense para el cuidado de las ni\u00f1eces, a fin de asegurar su correcto aprendizaje y acompa\u00f1ar a las familias\u201d.<\/p>\n\n\n\n<p>\u201cLos estudios le dieron bien y no le recetaron anteojos\u201d, cont\u00f3 Walter, quien acudi\u00f3 con su hijo Nahuel. El hombre estaba \u201cagradecido por la iniciativa gratuita y la oportunidad de despejar dudas\u201d.<\/p>\n\n\n\n<p>Estuvo presente el jefe distrital de Educaci\u00f3n, Alfredo Schveizer, y el jefe de Regi\u00f3n IV&nbsp; DIEGEP, Leonardo G\u00f3mez.<\/p>\n","protected":false},"excerpt":{"rendered":"<p>El Municipio, en articulaci\u00f3n con la Fundaci\u00f3n Banco Provincia, despleg\u00f3 otro operativo con testeos de agudeza visual a alumnos y alumnas del establecimiento situado en Villa San Luis, con el&hellip;<\/p>\n","protected":false},"author":3,"featured_media":8935,"comment_status":"closed","ping_status":"closed","sticky":false,"template":"","format":"standard","meta":{"footnotes":""},"categories":[16],"tags":[],"class_list":["post-8934","post","type-post","status-publish","format-standard","has-post-thumbnail","hentry","category-salud-y-medio-ambiente"],"rttpg_featured_image_url":{"full":["https:\/\/magazineweb.com.ar\/wp-content\/uploads\/2025\/04\/oftal-scaled.jpg",2560,1707,false],"landscape":["https:\/\/magazineweb.com.ar\/wp-content\/uploads\/2025\/04\/oftal-scaled.jpg",2560,1707,false],"portraits":["https:\/\/magazineweb.com.ar\/wp-content\/uploads\/2025\/04\/oftal-scaled.jpg",2560,1707,false],"thumbnail":["https:\/\/magazineweb.com.ar\/wp-content\/uploads\/2025\/04\/oftal-150x150.jpg",150,150,true],"medium":["https:\/\/magazineweb.com.ar\/wp-content\/uploads\/2025\/04\/oftal-300x200.jpg",300,200,true],"large":["https:\/\/magazineweb.com.ar\/wp-content\/uploads\/2025\/04\/oftal-1024x683.jpg",1024,683,true],"1536x1536":["https:\/\/magazineweb.com.ar\/wp-content\/uploads\/2025\/04\/oftal-1536x1024.jpg",1536,1024,true],"2048x2048":["https:\/\/magazineweb.com.ar\/wp-content\/uploads\/2025\/04\/oftal-2048x1366.jpg",2048,1366,true],"ultp_layout_landscape_large":["https:\/\/magazineweb.com.ar\/wp-content\/uploads\/2025\/04\/oftal-1200x800.jpg",1200,800,true],"ultp_layout_landscape":["https:\/\/magazineweb.com.ar\/wp-content\/uploads\/2025\/04\/oftal-870x570.jpg",870,570,true],"ultp_layout_portrait":["https:\/\/magazineweb.com.ar\/wp-content\/uploads\/2025\/04\/oftal-600x900.jpg",600,900,true],"ultp_layout_square":["https:\/\/magazineweb.com.ar\/wp-content\/uploads\/2025\/04\/oftal-600x600.jpg",600,600,true]},"rttpg_author":{"display_name":"Redacci\u00f3n Magazine Web","author_link":"https:\/\/magazineweb.com.ar\/?author=3"},"rttpg_comment":0,"rttpg_category":"<a href=\"https:\/\/magazineweb.com.ar\/?cat=16\" rel=\"category\">Salud y Medio Ambiente<\/a>","rttpg_excerpt":"El Municipio, en articulaci\u00f3n con la Fundaci\u00f3n Banco Provincia, despleg\u00f3 otro operativo con testeos de agudeza visual a alumnos y alumnas del establecimiento situado en Villa San Luis, con el&hellip;","_links":{"self":[{"href":"https:\/\/magazineweb.com.ar\/index.php?rest_route=\/wp\/v2\/posts\/8934","targetHints":{"allow":["GET"]}}],"collection":[{"href":"https:\/\/magazineweb.com.ar\/index.php?rest_route=\/wp\/v2\/posts"}],"about":[{"href":"https:\/\/magazineweb.com.ar\/index.php?rest_route=\/wp\/v2\/types\/post"}],"author":[{"embeddable":true,"href":"https:\/\/magazineweb.com.ar\/index.php?rest_route=\/wp\/v2\/users\/3"}],"replies":[{"embeddable":true,"href":"https:\/\/magazineweb.com.ar\/index.php?rest_route=%2Fwp%2Fv2%2Fcomments&post=8934"}],"version-history":[{"count":1,"href":"https:\/\/magazineweb.com.ar\/index.php?rest_route=\/wp\/v2\/posts\/8934\/revisions"}],"predecessor-version":[{"id":8936,"href":"https:\/\/magazineweb.com.ar\/index.php?rest_route=\/wp\/v2\/posts\/8934\/revisions\/8936"}],"wp:featuredmedia":[{"embeddable":true,"href":"https:\/\/magazineweb.com.ar\/index.php?rest_route=\/wp\/v2\/media\/8935"}],"wp:attachment":[{"href":"https:\/\/magazineweb.com.ar\/index.php?rest_route=%2Fwp%2Fv2%2Fmedia&parent=8934"}],"wp:term":[{"taxonomy":"category","embeddable":true,"href":"https:\/\/magazineweb.com.ar\/index.php?rest_route=%2Fwp%2Fv2%2Fcategories&post=8934"},{"taxonomy":"post_tag","embeddable":true,"href":"https:\/\/magazineweb.com.ar\/index.php?rest_route=%2Fwp%2Fv2%2Ftags&post=8934"}],"curies":[{"name":"wp","href":"https:\/\/api.w.org\/{rel}","templated":true}]}}