{"id":8961,"date":"2025-04-03T01:07:00","date_gmt":"2025-04-03T04:07:00","guid":{"rendered":"https:\/\/magazineweb.com.ar\/?p=8961"},"modified":"2025-04-03T03:14:20","modified_gmt":"2025-04-03T06:14:20","slug":"incidentes-en-una-nueva-marcha-de-jubilados-al-congreso-trasladaron-a-un-periodista-herido","status":"publish","type":"post","link":"https:\/\/magazineweb.com.ar\/?p=8961","title":{"rendered":"Incidentes en una nueva marcha de jubilados al Congreso: trasladaron a un periodista herido"},"content":{"rendered":"\n<p>Empujones y gritos se registraron ayer mi\u00e9rcoles en una nueva marcha de jubilados al Congreso, donde&nbsp;el SAME debi\u00f3 trasladar a un periodista herido producto de los incidentes.&nbsp;&nbsp;&nbsp;<\/p>\n\n\n\n<p>La Polic\u00eda aplic\u00f3 el protocolo antipiquetes para evitar que los manifestantes cortaran el tr\u00e1nsito, por lo que se registraron empujones y gritos.&nbsp;&nbsp;&nbsp;<\/p>\n\n\n\n<p>Un periodista, identificado como&nbsp;Diego G\u00f3mez, de 30 a\u00f1os, result\u00f3 herido por un polic\u00eda motorizado, por lo que personal del SAME debi\u00f3 trasladarlo para su atenci\u00f3n.&nbsp;&nbsp;&nbsp;<\/p>\n\n\n\n<p>El titular del SAME,&nbsp;Alberto Crescenti, indic\u00f3 en declaraciones al canal LN+ que el joven tiene un \u00abtraumatismo en su rodilla derecha\u00bb y que est\u00e1 en \u00abbuenas condiciones\u00bb.&nbsp;Incluso se\u00f1al\u00f3 que G\u00f3mez se negaba a ser trasladado a un hospital local para recibir atenci\u00f3n m\u00e9dica.&nbsp;&nbsp;&nbsp;<\/p>\n\n\n\n<p>Los incidentes tuvieron lugar en una nueva marcha de jubilados al Congreso, donde cada mi\u00e9rcoles el sector reclama contra el fin de la moratoria previsional, por un aumento de sus ingresos y por la restituci\u00f3n de los medicamentos gratuitos del PAMI, entre otras demandas.<\/p>\n","protected":false},"excerpt":{"rendered":"<p>Empujones y gritos se registraron ayer mi\u00e9rcoles en una nueva marcha de jubilados al Congreso, donde&nbsp;el SAME debi\u00f3 trasladar a un periodista herido producto de los incidentes.&nbsp;&nbsp;&nbsp; La Polic\u00eda aplic\u00f3&hellip;<\/p>\n","protected":false},"author":3,"featured_media":8962,"comment_status":"closed","ping_status":"closed","sticky":false,"template":"","format":"standard","meta":{"footnotes":""},"categories":[17],"tags":[],"class_list":["post-8961","post","type-post","status-publish","format-standard","has-post-thumbnail","hentry","category-nacional"],"rttpg_featured_image_url":{"full":["https:\/\/magazineweb.com.ar\/wp-content\/uploads\/2025\/04\/720-1.webp",1032,720,false],"landscape":["https:\/\/magazineweb.com.ar\/wp-content\/uploads\/2025\/04\/720-1.webp",1032,720,false],"portraits":["https:\/\/magazineweb.com.ar\/wp-content\/uploads\/2025\/04\/720-1.webp",1032,720,false],"thumbnail":["https:\/\/magazineweb.com.ar\/wp-content\/uploads\/2025\/04\/720-1-150x150.webp",150,150,true],"medium":["https:\/\/magazineweb.com.ar\/wp-content\/uploads\/2025\/04\/720-1-300x209.webp",300,209,true],"large":["https:\/\/magazineweb.com.ar\/wp-content\/uploads\/2025\/04\/720-1-1024x714.webp",1024,714,true],"1536x1536":["https:\/\/magazineweb.com.ar\/wp-content\/uploads\/2025\/04\/720-1.webp",1032,720,false],"2048x2048":["https:\/\/magazineweb.com.ar\/wp-content\/uploads\/2025\/04\/720-1.webp",1032,720,false],"ultp_layout_landscape_large":["https:\/\/magazineweb.com.ar\/wp-content\/uploads\/2025\/04\/720-1.webp",1032,720,false],"ultp_layout_landscape":["https:\/\/magazineweb.com.ar\/wp-content\/uploads\/2025\/04\/720-1-870x570.webp",870,570,true],"ultp_layout_portrait":["https:\/\/magazineweb.com.ar\/wp-content\/uploads\/2025\/04\/720-1-600x720.webp",600,720,true],"ultp_layout_square":["https:\/\/magazineweb.com.ar\/wp-content\/uploads\/2025\/04\/720-1-600x600.webp",600,600,true]},"rttpg_author":{"display_name":"Redacci\u00f3n Magazine Web","author_link":"https:\/\/magazineweb.com.ar\/?author=3"},"rttpg_comment":0,"rttpg_category":"<a href=\"https:\/\/magazineweb.com.ar\/?cat=17\" rel=\"category\">Nacional<\/a>","rttpg_excerpt":"Empujones y gritos se registraron ayer mi\u00e9rcoles en una nueva marcha de jubilados al Congreso, donde&nbsp;el SAME debi\u00f3 trasladar a un periodista herido producto de los incidentes.&nbsp;&nbsp;&nbsp; La Polic\u00eda aplic\u00f3&hellip;","_links":{"self":[{"href":"https:\/\/magazineweb.com.ar\/index.php?rest_route=\/wp\/v2\/posts\/8961","targetHints":{"allow":["GET"]}}],"collection":[{"href":"https:\/\/magazineweb.com.ar\/index.php?rest_route=\/wp\/v2\/posts"}],"about":[{"href":"https:\/\/magazineweb.com.ar\/index.php?rest_route=\/wp\/v2\/types\/post"}],"author":[{"embeddable":true,"href":"https:\/\/magazineweb.com.ar\/index.php?rest_route=\/wp\/v2\/users\/3"}],"replies":[{"embeddable":true,"href":"https:\/\/magazineweb.com.ar\/index.php?rest_route=%2Fwp%2Fv2%2Fcomments&post=8961"}],"version-history":[{"count":1,"href":"https:\/\/magazineweb.com.ar\/index.php?rest_route=\/wp\/v2\/posts\/8961\/revisions"}],"predecessor-version":[{"id":8963,"href":"https:\/\/magazineweb.com.ar\/index.php?rest_route=\/wp\/v2\/posts\/8961\/revisions\/8963"}],"wp:featuredmedia":[{"embeddable":true,"href":"https:\/\/magazineweb.com.ar\/index.php?rest_route=\/wp\/v2\/media\/8962"}],"wp:attachment":[{"href":"https:\/\/magazineweb.com.ar\/index.php?rest_route=%2Fwp%2Fv2%2Fmedia&parent=8961"}],"wp:term":[{"taxonomy":"category","embeddable":true,"href":"https:\/\/magazineweb.com.ar\/index.php?rest_route=%2Fwp%2Fv2%2Fcategories&post=8961"},{"taxonomy":"post_tag","embeddable":true,"href":"https:\/\/magazineweb.com.ar\/index.php?rest_route=%2Fwp%2Fv2%2Ftags&post=8961"}],"curies":[{"name":"wp","href":"https:\/\/api.w.org\/{rel}","templated":true}]}}