{"id":8993,"date":"2025-04-10T01:05:00","date_gmt":"2025-04-10T04:05:00","guid":{"rendered":"https:\/\/magazineweb.com.ar\/?p=8993"},"modified":"2025-04-11T09:25:09","modified_gmt":"2025-04-11T12:25:09","slug":"alberto-sileoni-el-gobierno-es-el-responsable-de-generar-discursos-violentos","status":"publish","type":"post","link":"https:\/\/magazineweb.com.ar\/?p=8993","title":{"rendered":"Alberto Sileoni: \u00abEl Gobierno es el responsable de generar discursos violentos\u00bb"},"content":{"rendered":"\n<p>El director de general de Cultura y Educaci\u00f3n de la provincia de Buenos Aires, Alberto Sileoni asegur\u00f3 que \u201cla escuela es un amortiguador de la violencia social\u201d y apunt\u00f3 contra el gobierno nacional como responsable de generar discursos violentos que repercuten en las escuelas.<\/p>\n\n\n\n<p>\u201cLas m\u00e1s altas autoridades terminan conversaciones con \u201dcall\u00e1te mog\u00f3lico\u00bb o con adjetivos calificativos horribles como \u201cratas, miserables, mandriles\u201d, dijo. Y agreg\u00f3: \u00abson cosas que vienen de arriba, al igual que youtubers afines al gobierno que quieren palos, venganza y muerte. La sociedad ve violencia y en ese contexto est\u00e1n las escuelas\u00bb<\/p>\n\n\n\n<p>Sileoni brind\u00f3 una entrevista radial por radio Splendid, en el programa \u201cContando los d\u00edas\u201d conducido por Luisa Valmaggia en d\u00f3nde expres\u00f3 la problem\u00e1tica actual que tienen las escuelas en la provincia pero espec\u00edficamente habl\u00f3 del incidente protagonizado por alumnos de una escuela de Ingeniero Maschwitz.<\/p>\n\n\n\n<p>\u201cUnos chicos le dijeron a las autoridades lo que suced\u00eda en redes sociales y r\u00e1pidamente se activ\u00f3 un protocolo para situaciones de violencia adentro de la escuela\u201d, explic\u00f3.<\/p>\n\n\n\n<p>\u201cLa fiscal\u00eda del fuero juvenil de Campana tom\u00f3 la denuncia y se hicieron allanamientos en las casas de los cuatro chicos pero no se encontraron armas. S\u00f3lo se secuestraron tel\u00e9fonos, pero no deja de ser un hecho preocupante y alarmante que la escuela tiene que trabajar en eso\u201d, expres\u00f3.<\/p>\n\n\n\n<p>Por otra parte, enfatiz\u00f3 sobre el rol clave que cumplen las escuelas porque ense\u00f1an \u201crespeto, a esperar y pensar\u201d y que no se trata de una \u201cpandemia de violencia\u201d porque hay un mill\u00f3n setecientos miel alumnos que cursan la secundaria en la provincia.<\/p>\n\n\n\n<p>\u201cEsta semana fue at\u00edpica y dolorosa, hubieron varios casos de violencia pero nosotros trabajamos con talleres de salud mental y jornadas de convivencia. Estamos identificando los roles que ocupan los chicos cuando ocurren estos casos\u201d, explic\u00f3.<\/p>\n\n\n\n<p>Finalmente se refiri\u00f3 sobre el papel que deben tener los adultos y la corresponsabilidad que tienen en sus hogares como padres de los j\u00f3venes. \u00abNo hay adultos responsables que acompa\u00f1en, hay mucha opacidad\u201d, sentenci\u00f3.<\/p>\n","protected":false},"excerpt":{"rendered":"<p>El director de general de Cultura y Educaci\u00f3n de la provincia de Buenos Aires, Alberto Sileoni asegur\u00f3 que \u201cla escuela es un amortiguador de la violencia social\u201d y apunt\u00f3 contra&hellip;<\/p>\n","protected":false},"author":3,"featured_media":8994,"comment_status":"closed","ping_status":"closed","sticky":false,"template":"","format":"standard","meta":{"footnotes":""},"categories":[4,13,14],"tags":[],"class_list":["post-8993","post","type-post","status-publish","format-standard","has-post-thumbnail","hentry","category-destacados","category-politica","category-provincial"],"rttpg_featured_image_url":{"full":["https:\/\/magazineweb.com.ar\/wp-content\/uploads\/2025\/04\/image.jpg",1024,632,false],"landscape":["https:\/\/magazineweb.com.ar\/wp-content\/uploads\/2025\/04\/image.jpg",1024,632,false],"portraits":["https:\/\/magazineweb.com.ar\/wp-content\/uploads\/2025\/04\/image.jpg",1024,632,false],"thumbnail":["https:\/\/magazineweb.com.ar\/wp-content\/uploads\/2025\/04\/image-150x150.jpg",150,150,true],"medium":["https:\/\/magazineweb.com.ar\/wp-content\/uploads\/2025\/04\/image-300x185.jpg",300,185,true],"large":["https:\/\/magazineweb.com.ar\/wp-content\/uploads\/2025\/04\/image.jpg",1024,632,false],"1536x1536":["https:\/\/magazineweb.com.ar\/wp-content\/uploads\/2025\/04\/image.jpg",1024,632,false],"2048x2048":["https:\/\/magazineweb.com.ar\/wp-content\/uploads\/2025\/04\/image.jpg",1024,632,false],"ultp_layout_landscape_large":["https:\/\/magazineweb.com.ar\/wp-content\/uploads\/2025\/04\/image.jpg",1024,632,false],"ultp_layout_landscape":["https:\/\/magazineweb.com.ar\/wp-content\/uploads\/2025\/04\/image-870x570.jpg",870,570,true],"ultp_layout_portrait":["https:\/\/magazineweb.com.ar\/wp-content\/uploads\/2025\/04\/image-600x632.jpg",600,632,true],"ultp_layout_square":["https:\/\/magazineweb.com.ar\/wp-content\/uploads\/2025\/04\/image-600x600.jpg",600,600,true]},"rttpg_author":{"display_name":"Redacci\u00f3n Magazine Web","author_link":"https:\/\/magazineweb.com.ar\/?author=3"},"rttpg_comment":0,"rttpg_category":"<a href=\"https:\/\/magazineweb.com.ar\/?cat=4\" rel=\"category\">Destacados<\/a> <a href=\"https:\/\/magazineweb.com.ar\/?cat=13\" rel=\"category\">Pol\u00edtica<\/a> <a href=\"https:\/\/magazineweb.com.ar\/?cat=14\" rel=\"category\">Provincial<\/a>","rttpg_excerpt":"El director de general de Cultura y Educaci\u00f3n de la provincia de Buenos Aires, Alberto Sileoni asegur\u00f3 que \u201cla escuela es un amortiguador de la violencia social\u201d y apunt\u00f3 contra&hellip;","_links":{"self":[{"href":"https:\/\/magazineweb.com.ar\/index.php?rest_route=\/wp\/v2\/posts\/8993","targetHints":{"allow":["GET"]}}],"collection":[{"href":"https:\/\/magazineweb.com.ar\/index.php?rest_route=\/wp\/v2\/posts"}],"about":[{"href":"https:\/\/magazineweb.com.ar\/index.php?rest_route=\/wp\/v2\/types\/post"}],"author":[{"embeddable":true,"href":"https:\/\/magazineweb.com.ar\/index.php?rest_route=\/wp\/v2\/users\/3"}],"replies":[{"embeddable":true,"href":"https:\/\/magazineweb.com.ar\/index.php?rest_route=%2Fwp%2Fv2%2Fcomments&post=8993"}],"version-history":[{"count":1,"href":"https:\/\/magazineweb.com.ar\/index.php?rest_route=\/wp\/v2\/posts\/8993\/revisions"}],"predecessor-version":[{"id":8995,"href":"https:\/\/magazineweb.com.ar\/index.php?rest_route=\/wp\/v2\/posts\/8993\/revisions\/8995"}],"wp:featuredmedia":[{"embeddable":true,"href":"https:\/\/magazineweb.com.ar\/index.php?rest_route=\/wp\/v2\/media\/8994"}],"wp:attachment":[{"href":"https:\/\/magazineweb.com.ar\/index.php?rest_route=%2Fwp%2Fv2%2Fmedia&parent=8993"}],"wp:term":[{"taxonomy":"category","embeddable":true,"href":"https:\/\/magazineweb.com.ar\/index.php?rest_route=%2Fwp%2Fv2%2Fcategories&post=8993"},{"taxonomy":"post_tag","embeddable":true,"href":"https:\/\/magazineweb.com.ar\/index.php?rest_route=%2Fwp%2Fv2%2Ftags&post=8993"}],"curies":[{"name":"wp","href":"https:\/\/api.w.org\/{rel}","templated":true}]}}