{"id":9002,"date":"2025-04-10T01:05:00","date_gmt":"2025-04-10T04:05:00","guid":{"rendered":"https:\/\/magazineweb.com.ar\/?p=9002"},"modified":"2025-04-06T19:37:52","modified_gmt":"2025-04-06T22:37:52","slug":"primera-pena-del-ano-en-la-casa-del-folklore-varelense","status":"publish","type":"post","link":"https:\/\/magazineweb.com.ar\/?p=9002","title":{"rendered":"Primera pe\u00f1a del a\u00f1o en la Casa del Folklore varelense"},"content":{"rendered":"\n<p>La m\u00e1xima autoridad distrital -Andr\u00e9s Watson- comparti\u00f3 el encuentro tradicionalista en la dependencia municipal de calle Remedios de Escalada N\u00ba1660, barrio Presidente Sarmiento.<\/p>\n\n\n\n<p>El Intendente remarc\u00f3 \u00abla importancia de sostener espacios para el entretenimiento y esparcimiento de la comunidad\u00bb. Defini\u00f3 \u00abla cultura y el arte como una trinchera para el pueblo\u00bb.<\/p>\n\n\n\n<p>Durante el evento, que congreg\u00f3 a m\u00e1s de 300 varelenses, fue presentado el nuevo escenario del establecimiento.<\/p>\n\n\n\n<p>Cecilia lleg\u00f3 de San Nicol\u00e1s para \u00abpresentar una chacarera y un gato\u00bb. \u00abNos sali\u00f3 hermoso\u00bb, afirm\u00f3.<\/p>\n\n\n\n<p>Como miembro del ballet &#8216;Nativo&#8217;, Ariel -KM26700- asegur\u00f3: \u201cNo me perd\u00ed ni una pe\u00f1a hasta ahora, pero esta vez vine de espectador\u201d.<\/p>\n\n\n\n<p>Mientras compart\u00edan un mate, Claudia y Paola -La Carolina- indicaron: \u201cEstuvo re lindo como siempre\u201d.<\/p>\n\n\n\n<p>La velada incluy\u00f3 performances de integrantes en los talleres comunales de bombo, baile folcl\u00f3rico, bachata, salsa, as\u00ed como de los conjuntos &#8216;Ecos del Sur&#8217;, &#8216;Esteko&#8217; y del artista Mario Palacino.<\/p>\n\n\n\n<p>Acompa\u00f1\u00f3 al Alcalde, la secretaria de Cultura, Deportes y Recreaci\u00f3n, Estefan\u00eda Nieva.<\/p>\n","protected":false},"excerpt":{"rendered":"<p>La m\u00e1xima autoridad distrital -Andr\u00e9s Watson- comparti\u00f3 el encuentro tradicionalista en la dependencia municipal de calle Remedios de Escalada N\u00ba1660, barrio Presidente Sarmiento. El Intendente remarc\u00f3 \u00abla importancia de sostener&hellip;<\/p>\n","protected":false},"author":3,"featured_media":9003,"comment_status":"closed","ping_status":"closed","sticky":false,"template":"","format":"standard","meta":{"footnotes":""},"categories":[7],"tags":[],"class_list":["post-9002","post","type-post","status-publish","format-standard","has-post-thumbnail","hentry","category-espectaculos"],"rttpg_featured_image_url":{"full":["https:\/\/magazineweb.com.ar\/wp-content\/uploads\/2025\/04\/cultura-varelaaaa.jpg",850,567,false],"landscape":["https:\/\/magazineweb.com.ar\/wp-content\/uploads\/2025\/04\/cultura-varelaaaa.jpg",850,567,false],"portraits":["https:\/\/magazineweb.com.ar\/wp-content\/uploads\/2025\/04\/cultura-varelaaaa.jpg",850,567,false],"thumbnail":["https:\/\/magazineweb.com.ar\/wp-content\/uploads\/2025\/04\/cultura-varelaaaa-150x150.jpg",150,150,true],"medium":["https:\/\/magazineweb.com.ar\/wp-content\/uploads\/2025\/04\/cultura-varelaaaa-300x200.jpg",300,200,true],"large":["https:\/\/magazineweb.com.ar\/wp-content\/uploads\/2025\/04\/cultura-varelaaaa.jpg",850,567,false],"1536x1536":["https:\/\/magazineweb.com.ar\/wp-content\/uploads\/2025\/04\/cultura-varelaaaa.jpg",850,567,false],"2048x2048":["https:\/\/magazineweb.com.ar\/wp-content\/uploads\/2025\/04\/cultura-varelaaaa.jpg",850,567,false],"ultp_layout_landscape_large":["https:\/\/magazineweb.com.ar\/wp-content\/uploads\/2025\/04\/cultura-varelaaaa.jpg",850,567,false],"ultp_layout_landscape":["https:\/\/magazineweb.com.ar\/wp-content\/uploads\/2025\/04\/cultura-varelaaaa.jpg",850,567,false],"ultp_layout_portrait":["https:\/\/magazineweb.com.ar\/wp-content\/uploads\/2025\/04\/cultura-varelaaaa-600x567.jpg",600,567,true],"ultp_layout_square":["https:\/\/magazineweb.com.ar\/wp-content\/uploads\/2025\/04\/cultura-varelaaaa-600x567.jpg",600,567,true]},"rttpg_author":{"display_name":"Redacci\u00f3n Magazine Web","author_link":"https:\/\/magazineweb.com.ar\/?author=3"},"rttpg_comment":0,"rttpg_category":"<a href=\"https:\/\/magazineweb.com.ar\/?cat=7\" rel=\"category\">Espect\u00e1culos<\/a>","rttpg_excerpt":"La m\u00e1xima autoridad distrital -Andr\u00e9s Watson- comparti\u00f3 el encuentro tradicionalista en la dependencia municipal de calle Remedios de Escalada N\u00ba1660, barrio Presidente Sarmiento. El Intendente remarc\u00f3 \u00abla importancia de sostener&hellip;","_links":{"self":[{"href":"https:\/\/magazineweb.com.ar\/index.php?rest_route=\/wp\/v2\/posts\/9002","targetHints":{"allow":["GET"]}}],"collection":[{"href":"https:\/\/magazineweb.com.ar\/index.php?rest_route=\/wp\/v2\/posts"}],"about":[{"href":"https:\/\/magazineweb.com.ar\/index.php?rest_route=\/wp\/v2\/types\/post"}],"author":[{"embeddable":true,"href":"https:\/\/magazineweb.com.ar\/index.php?rest_route=\/wp\/v2\/users\/3"}],"replies":[{"embeddable":true,"href":"https:\/\/magazineweb.com.ar\/index.php?rest_route=%2Fwp%2Fv2%2Fcomments&post=9002"}],"version-history":[{"count":1,"href":"https:\/\/magazineweb.com.ar\/index.php?rest_route=\/wp\/v2\/posts\/9002\/revisions"}],"predecessor-version":[{"id":9004,"href":"https:\/\/magazineweb.com.ar\/index.php?rest_route=\/wp\/v2\/posts\/9002\/revisions\/9004"}],"wp:featuredmedia":[{"embeddable":true,"href":"https:\/\/magazineweb.com.ar\/index.php?rest_route=\/wp\/v2\/media\/9003"}],"wp:attachment":[{"href":"https:\/\/magazineweb.com.ar\/index.php?rest_route=%2Fwp%2Fv2%2Fmedia&parent=9002"}],"wp:term":[{"taxonomy":"category","embeddable":true,"href":"https:\/\/magazineweb.com.ar\/index.php?rest_route=%2Fwp%2Fv2%2Fcategories&post=9002"},{"taxonomy":"post_tag","embeddable":true,"href":"https:\/\/magazineweb.com.ar\/index.php?rest_route=%2Fwp%2Fv2%2Ftags&post=9002"}],"curies":[{"name":"wp","href":"https:\/\/api.w.org\/{rel}","templated":true}]}}