{"id":9067,"date":"2025-04-17T14:15:12","date_gmt":"2025-04-17T17:15:12","guid":{"rendered":"https:\/\/magazineweb.com.ar\/?p=9067"},"modified":"2025-04-17T14:15:13","modified_gmt":"2025-04-17T17:15:13","slug":"ingeniero-allan-festeja-su-132-aniversario","status":"publish","type":"post","link":"https:\/\/magazineweb.com.ar\/?p=9067","title":{"rendered":"Ingeniero Allan festeja su 132\u00b0 aniversario"},"content":{"rendered":"\n<p>La celebraci\u00f3n tendr\u00e1 bandas en vivo, baile, foodtrucks, artesan\u00edas regionales, premios y actividades recreativas el s\u00e1bado 19 de abril, de 16 a 20 hs., en calle 1282 esquina 1209.<\/p>\n\n\n\n<p>Mat\u00edas Schneeberger, subsecretario de Gobierno, remarca \u00abla importancia del fortalecimiento de la identidad local, la promoci\u00f3n de espacios de encuentro comunitario y el respaldo al sector comercial\u00bb.<\/p>\n\n\n\n<p>Sobre la oferta art\u00edstica y cultural, comenta: \u00abHabr\u00e1 shows de Los Santafesinos, Los Texanos, Vari Cumbia y Cumbias del Sur, as\u00ed como Performance: Infinity Crew\u00bb.<\/p>\n\n\n\n<p>El evento reunir\u00e1 a comerciantes de la localidad -rubro que impulsa los festejos junto a vecinos y vecinas-, integrantes del destacamento N\u00ba2 de Bomberos Voluntarios y frentistas de la zona. Quedar\u00e1 supeditado a las condiciones clim\u00e1ticas.<\/p>\n","protected":false},"excerpt":{"rendered":"<p>La celebraci\u00f3n tendr\u00e1 bandas en vivo, baile, foodtrucks, artesan\u00edas regionales, premios y actividades recreativas el s\u00e1bado 19 de abril, de 16 a 20 hs., en calle 1282 esquina 1209. Mat\u00edas&hellip;<\/p>\n","protected":false},"author":3,"featured_media":9068,"comment_status":"closed","ping_status":"closed","sticky":false,"template":"","format":"standard","meta":{"footnotes":""},"categories":[9],"tags":[],"class_list":["post-9067","post","type-post","status-publish","format-standard","has-post-thumbnail","hentry","category-informacion-general"],"rttpg_featured_image_url":{"full":["https:\/\/magazineweb.com.ar\/wp-content\/uploads\/2025\/04\/allan.jpg",850,1039,false],"landscape":["https:\/\/magazineweb.com.ar\/wp-content\/uploads\/2025\/04\/allan.jpg",850,1039,false],"portraits":["https:\/\/magazineweb.com.ar\/wp-content\/uploads\/2025\/04\/allan.jpg",850,1039,false],"thumbnail":["https:\/\/magazineweb.com.ar\/wp-content\/uploads\/2025\/04\/allan-150x150.jpg",150,150,true],"medium":["https:\/\/magazineweb.com.ar\/wp-content\/uploads\/2025\/04\/allan-245x300.jpg",245,300,true],"large":["https:\/\/magazineweb.com.ar\/wp-content\/uploads\/2025\/04\/allan-838x1024.jpg",838,1024,true],"1536x1536":["https:\/\/magazineweb.com.ar\/wp-content\/uploads\/2025\/04\/allan.jpg",850,1039,false],"2048x2048":["https:\/\/magazineweb.com.ar\/wp-content\/uploads\/2025\/04\/allan.jpg",850,1039,false],"ultp_layout_landscape_large":["https:\/\/magazineweb.com.ar\/wp-content\/uploads\/2025\/04\/allan-850x800.jpg",850,800,true],"ultp_layout_landscape":["https:\/\/magazineweb.com.ar\/wp-content\/uploads\/2025\/04\/allan-850x570.jpg",850,570,true],"ultp_layout_portrait":["https:\/\/magazineweb.com.ar\/wp-content\/uploads\/2025\/04\/allan-600x900.jpg",600,900,true],"ultp_layout_square":["https:\/\/magazineweb.com.ar\/wp-content\/uploads\/2025\/04\/allan-600x600.jpg",600,600,true]},"rttpg_author":{"display_name":"Redacci\u00f3n Magazine Web","author_link":"https:\/\/magazineweb.com.ar\/?author=3"},"rttpg_comment":0,"rttpg_category":"<a href=\"https:\/\/magazineweb.com.ar\/?cat=9\" rel=\"category\">Informaci\u00f3n General<\/a>","rttpg_excerpt":"La celebraci\u00f3n tendr\u00e1 bandas en vivo, baile, foodtrucks, artesan\u00edas regionales, premios y actividades recreativas el s\u00e1bado 19 de abril, de 16 a 20 hs., en calle 1282 esquina 1209. Mat\u00edas&hellip;","_links":{"self":[{"href":"https:\/\/magazineweb.com.ar\/index.php?rest_route=\/wp\/v2\/posts\/9067","targetHints":{"allow":["GET"]}}],"collection":[{"href":"https:\/\/magazineweb.com.ar\/index.php?rest_route=\/wp\/v2\/posts"}],"about":[{"href":"https:\/\/magazineweb.com.ar\/index.php?rest_route=\/wp\/v2\/types\/post"}],"author":[{"embeddable":true,"href":"https:\/\/magazineweb.com.ar\/index.php?rest_route=\/wp\/v2\/users\/3"}],"replies":[{"embeddable":true,"href":"https:\/\/magazineweb.com.ar\/index.php?rest_route=%2Fwp%2Fv2%2Fcomments&post=9067"}],"version-history":[{"count":1,"href":"https:\/\/magazineweb.com.ar\/index.php?rest_route=\/wp\/v2\/posts\/9067\/revisions"}],"predecessor-version":[{"id":9069,"href":"https:\/\/magazineweb.com.ar\/index.php?rest_route=\/wp\/v2\/posts\/9067\/revisions\/9069"}],"wp:featuredmedia":[{"embeddable":true,"href":"https:\/\/magazineweb.com.ar\/index.php?rest_route=\/wp\/v2\/media\/9068"}],"wp:attachment":[{"href":"https:\/\/magazineweb.com.ar\/index.php?rest_route=%2Fwp%2Fv2%2Fmedia&parent=9067"}],"wp:term":[{"taxonomy":"category","embeddable":true,"href":"https:\/\/magazineweb.com.ar\/index.php?rest_route=%2Fwp%2Fv2%2Fcategories&post=9067"},{"taxonomy":"post_tag","embeddable":true,"href":"https:\/\/magazineweb.com.ar\/index.php?rest_route=%2Fwp%2Fv2%2Ftags&post=9067"}],"curies":[{"name":"wp","href":"https:\/\/api.w.org\/{rel}","templated":true}]}}