{"id":9084,"date":"2025-04-25T01:08:00","date_gmt":"2025-04-25T04:08:00","guid":{"rendered":"https:\/\/magazineweb.com.ar\/?p=9084"},"modified":"2025-04-23T20:14:46","modified_gmt":"2025-04-23T23:14:46","slug":"mayra-y-la-ministra-batakis-recorrieron-la-obra-de-28-viviendas-en-el-barrio-la-odisea-de-quilmes-oeste","status":"publish","type":"post","link":"https:\/\/magazineweb.com.ar\/?p=9084","title":{"rendered":"Mayra y la ministra Batakis recorrieron la obra de 28 viviendas en el Barrio La Odisea de Quilmes Oeste"},"content":{"rendered":"\n<p>La intendenta de Quilmes, Mayra Mendoza, y la ministra de H\u00e1bitat y Desarrollo Urbano de la provincia de Buenos Aires, Silvina Batakis, supervisaron el mi\u00e9rcoles el avance de la obra de 28 viviendas que se concreta en la avenida Ribere\u00f1a Las Piedras y calle 398, del barrio La Odisea, en Quilmes Oeste, a trav\u00e9s de un trabajo coordinado entre los gobiernos provincial y local.<\/p>\n\n\n\n<p>\u201cEste es un proyecto que contempla, adem\u00e1s, la apertura de una calle interna y las laterales, junto al equipamiento urbano, siendo su principal objetivo mejorar notablemente las condiciones de habitabilidad en toda la zona. Trabajamos para que cada vez m\u00e1s familias quilme\u00f1as tengan su derecho a una vivienda digna y a una mejor calidad de vida\u201d, se\u00f1al\u00f3 Mayra.<\/p>\n\n\n\n<p>Como parte de las tareas, hace unos d\u00edas se efectu\u00f3 el hormigonado de la estructura de losas del segundo nivel del bloque A, que albergar\u00e1 16 viviendas. En simult\u00e1neo, se prosigue a buen ritmo en ambos bloques con trabajos de levantamiento de mamposter\u00eda exterior e interior, instalaciones el\u00e9ctricas y de gas, y la aplicaci\u00f3n de revoques. Adem\u00e1s, se abrir\u00e1 una calle interna y las laterales, y se colocar\u00e1 equipamiento urbano.<\/p>\n\n\n\n<p>La construcci\u00f3n de 28 viviendas en este barrio es un proyecto llevado a cabo por el Municipio de Quilmes en conjunto con el Instituto de la Vivienda, perteneciente al Ministerio de H\u00e1bitat y Desarrollo Urbano provincial, cuyo principal objetivo es mejorar las condiciones de habitabilidad de la zona.<\/p>\n\n\n\n<p>Tambi\u00e9n participaron de la actividad la secretaria de Desarrollo Urbano y Obra P\u00fablica local, Cecilia Soler; el subsecretario de H\u00e1bitat, Esteban Salaberry; la directora general de Vivienda, Tierras y Regularizaci\u00f3n Dominial, Adriana Cittadino; la concejala Florencia Hern\u00e1ndez; el administrador general del Instituto de la Vivienda bonaerense, Diego Men\u00e9ndez; el jefe de Gabinete de la mencionada cartera provincial, Juan Manuel Pignocco, y la directora provincial de Planificaci\u00f3n, Florencia Chade.<\/p>\n","protected":false},"excerpt":{"rendered":"<p>La intendenta de Quilmes, Mayra Mendoza, y la ministra de H\u00e1bitat y Desarrollo Urbano de la provincia de Buenos Aires, Silvina Batakis, supervisaron el mi\u00e9rcoles el avance de la obra&hellip;<\/p>\n","protected":false},"author":3,"featured_media":9085,"comment_status":"closed","ping_status":"closed","sticky":false,"template":"","format":"standard","meta":{"footnotes":""},"categories":[9],"tags":[],"class_list":["post-9084","post","type-post","status-publish","format-standard","has-post-thumbnail","hentry","category-informacion-general"],"rttpg_featured_image_url":{"full":["https:\/\/magazineweb.com.ar\/wp-content\/uploads\/2025\/04\/ODISEA-DE-QUILMES-OESTe.jpg",720,479,false],"landscape":["https:\/\/magazineweb.com.ar\/wp-content\/uploads\/2025\/04\/ODISEA-DE-QUILMES-OESTe.jpg",720,479,false],"portraits":["https:\/\/magazineweb.com.ar\/wp-content\/uploads\/2025\/04\/ODISEA-DE-QUILMES-OESTe.jpg",720,479,false],"thumbnail":["https:\/\/magazineweb.com.ar\/wp-content\/uploads\/2025\/04\/ODISEA-DE-QUILMES-OESTe-150x150.jpg",150,150,true],"medium":["https:\/\/magazineweb.com.ar\/wp-content\/uploads\/2025\/04\/ODISEA-DE-QUILMES-OESTe-300x200.jpg",300,200,true],"large":["https:\/\/magazineweb.com.ar\/wp-content\/uploads\/2025\/04\/ODISEA-DE-QUILMES-OESTe.jpg",720,479,false],"1536x1536":["https:\/\/magazineweb.com.ar\/wp-content\/uploads\/2025\/04\/ODISEA-DE-QUILMES-OESTe.jpg",720,479,false],"2048x2048":["https:\/\/magazineweb.com.ar\/wp-content\/uploads\/2025\/04\/ODISEA-DE-QUILMES-OESTe.jpg",720,479,false],"ultp_layout_landscape_large":["https:\/\/magazineweb.com.ar\/wp-content\/uploads\/2025\/04\/ODISEA-DE-QUILMES-OESTe.jpg",720,479,false],"ultp_layout_landscape":["https:\/\/magazineweb.com.ar\/wp-content\/uploads\/2025\/04\/ODISEA-DE-QUILMES-OESTe.jpg",720,479,false],"ultp_layout_portrait":["https:\/\/magazineweb.com.ar\/wp-content\/uploads\/2025\/04\/ODISEA-DE-QUILMES-OESTe-600x479.jpg",600,479,true],"ultp_layout_square":["https:\/\/magazineweb.com.ar\/wp-content\/uploads\/2025\/04\/ODISEA-DE-QUILMES-OESTe-600x479.jpg",600,479,true]},"rttpg_author":{"display_name":"Redacci\u00f3n Magazine Web","author_link":"https:\/\/magazineweb.com.ar\/?author=3"},"rttpg_comment":0,"rttpg_category":"<a href=\"https:\/\/magazineweb.com.ar\/?cat=9\" rel=\"category\">Informaci\u00f3n General<\/a>","rttpg_excerpt":"La intendenta de Quilmes, Mayra Mendoza, y la ministra de H\u00e1bitat y Desarrollo Urbano de la provincia de Buenos Aires, Silvina Batakis, supervisaron el mi\u00e9rcoles el avance de la obra&hellip;","_links":{"self":[{"href":"https:\/\/magazineweb.com.ar\/index.php?rest_route=\/wp\/v2\/posts\/9084","targetHints":{"allow":["GET"]}}],"collection":[{"href":"https:\/\/magazineweb.com.ar\/index.php?rest_route=\/wp\/v2\/posts"}],"about":[{"href":"https:\/\/magazineweb.com.ar\/index.php?rest_route=\/wp\/v2\/types\/post"}],"author":[{"embeddable":true,"href":"https:\/\/magazineweb.com.ar\/index.php?rest_route=\/wp\/v2\/users\/3"}],"replies":[{"embeddable":true,"href":"https:\/\/magazineweb.com.ar\/index.php?rest_route=%2Fwp%2Fv2%2Fcomments&post=9084"}],"version-history":[{"count":1,"href":"https:\/\/magazineweb.com.ar\/index.php?rest_route=\/wp\/v2\/posts\/9084\/revisions"}],"predecessor-version":[{"id":9086,"href":"https:\/\/magazineweb.com.ar\/index.php?rest_route=\/wp\/v2\/posts\/9084\/revisions\/9086"}],"wp:featuredmedia":[{"embeddable":true,"href":"https:\/\/magazineweb.com.ar\/index.php?rest_route=\/wp\/v2\/media\/9085"}],"wp:attachment":[{"href":"https:\/\/magazineweb.com.ar\/index.php?rest_route=%2Fwp%2Fv2%2Fmedia&parent=9084"}],"wp:term":[{"taxonomy":"category","embeddable":true,"href":"https:\/\/magazineweb.com.ar\/index.php?rest_route=%2Fwp%2Fv2%2Fcategories&post=9084"},{"taxonomy":"post_tag","embeddable":true,"href":"https:\/\/magazineweb.com.ar\/index.php?rest_route=%2Fwp%2Fv2%2Ftags&post=9084"}],"curies":[{"name":"wp","href":"https:\/\/api.w.org\/{rel}","templated":true}]}}