{"id":9090,"date":"2025-04-25T01:06:00","date_gmt":"2025-04-25T04:06:00","guid":{"rendered":"https:\/\/magazineweb.com.ar\/?p=9090"},"modified":"2025-04-23T21:11:45","modified_gmt":"2025-04-24T00:11:45","slug":"axel-kicillof-denuncio-a-javier-milei-es-una-decision-criminal","status":"publish","type":"post","link":"https:\/\/magazineweb.com.ar\/?p=9090","title":{"rendered":"Axel Kicillof denunci\u00f3 a Javier Milei: \u00abEs una decisi\u00f3n criminal\u00bb"},"content":{"rendered":"\n<p>El gobernador bonaerense, Axel Kicillof, denunci\u00f3 a la administraci\u00f3n del presidente Javier Milei por el ajuste presupuestario en la obra p\u00fablica y calific\u00f3 de \u00abcriminal\u00bb la desinversi\u00f3n del Ejecutivo en materia de infraestructura.<\/p>\n\n\n\n<p>\u00abEl parate en obras educativas, de salud o de infraestructura social b\u00e1sica es una decisi\u00f3n criminal\u00bb, cuestion\u00f3 Kicillof durante un acto en la Universidad de San Mart\u00edn, al tiempo que ponder\u00f3 el \u00abc\u00edrculo virtuoso\u00bb que genera la actividad para mejorar la producci\u00f3n, el trabajo y el consumo.<\/p>\n\n\n\n<p>\u00abEl \u00fanico que no lo entiende es Milei\u00bb, afirm\u00f3 el gobernador, quien estuvo acompa\u00f1ado durante el encuentro por ministro de Infraestructura, Gabriel Katopodis; la ministra de H\u00e1bitat y Desarrollo Urbano, Silvina Batakis; el intendente local, Fernando Moreira; y el rector de la casa de estudios, Carlos Greco.<\/p>\n\n\n\n<p>La actividad se llev\u00f3 a cabo frente a la Torre de Innovaci\u00f3n Cient\u00edfico-Acad\u00e9mica (TICA), una de las \u00abobras reactivadas por el Gobierno provincial luego de haber sido paralizada por Naci\u00f3n\u00bb, seg\u00fan indic\u00f3 la gobernaci\u00f3n en un comunicado.<\/p>\n\n\n\n<p>Asimismo, al cumplirse los \u00ab500 d\u00edas sin obra p\u00fablica nacional\u00bb, Kicillof junto a intendentes bonaerenses y de otras provincias suscribieron un documento \u00abcontra del ajuste y abandono del Gobierno\u00bb, que ser\u00e1 presentado en la Comisi\u00f3n de Obra P\u00fablica de la C\u00e1mara de Diputados.<\/p>\n\n\n\n<p>El texto lleva las firmas de Mariano Cascallares (Almirante Brown), Jorge Ferraresi (Avellaneda), Mario Secco (Ensenada), Carlos Ramil (Escobar), Andr\u00e9s Watson (Florencio Varela), Federico Oterm\u00edn (Lomas de Zamora), Facundo P\u00e9rez (Hurlingham) y Abel Rauch (Luj\u00e1n), entre otros.<\/p>\n\n\n\n<p>En tanto, desde otras provincias del pa\u00eds tambi\u00e9n sumaron su apoyo Emir Andraos (Tunuy\u00e1n, Mendoza), Flor Dest\u00e9fanis (Santa Rosa, Mendoza), Pablo Corsalini (P\u00e9rez, Santa Fe) y el exintendente Mart\u00edn Gill (Villa Mar\u00eda, C\u00f3rdoba), en representaci\u00f3n de diversos jefes comunales del interior del pa\u00eds.<\/p>\n","protected":false},"excerpt":{"rendered":"<p>El gobernador bonaerense, Axel Kicillof, denunci\u00f3 a la administraci\u00f3n del presidente Javier Milei por el ajuste presupuestario en la obra p\u00fablica y calific\u00f3 de \u00abcriminal\u00bb la desinversi\u00f3n del Ejecutivo en&hellip;<\/p>\n","protected":false},"author":3,"featured_media":9091,"comment_status":"closed","ping_status":"closed","sticky":false,"template":"","format":"standard","meta":{"footnotes":""},"categories":[13,14],"tags":[],"class_list":["post-9090","post","type-post","status-publish","format-standard","has-post-thumbnail","hentry","category-politica","category-provincial"],"rttpg_featured_image_url":{"full":["https:\/\/magazineweb.com.ar\/wp-content\/uploads\/2025\/04\/720-24.webp",1080,720,false],"landscape":["https:\/\/magazineweb.com.ar\/wp-content\/uploads\/2025\/04\/720-24.webp",1080,720,false],"portraits":["https:\/\/magazineweb.com.ar\/wp-content\/uploads\/2025\/04\/720-24.webp",1080,720,false],"thumbnail":["https:\/\/magazineweb.com.ar\/wp-content\/uploads\/2025\/04\/720-24-150x150.webp",150,150,true],"medium":["https:\/\/magazineweb.com.ar\/wp-content\/uploads\/2025\/04\/720-24-300x200.webp",300,200,true],"large":["https:\/\/magazineweb.com.ar\/wp-content\/uploads\/2025\/04\/720-24-1024x683.webp",1024,683,true],"1536x1536":["https:\/\/magazineweb.com.ar\/wp-content\/uploads\/2025\/04\/720-24.webp",1080,720,false],"2048x2048":["https:\/\/magazineweb.com.ar\/wp-content\/uploads\/2025\/04\/720-24.webp",1080,720,false],"ultp_layout_landscape_large":["https:\/\/magazineweb.com.ar\/wp-content\/uploads\/2025\/04\/720-24.webp",1080,720,false],"ultp_layout_landscape":["https:\/\/magazineweb.com.ar\/wp-content\/uploads\/2025\/04\/720-24-870x570.webp",870,570,true],"ultp_layout_portrait":["https:\/\/magazineweb.com.ar\/wp-content\/uploads\/2025\/04\/720-24-600x720.webp",600,720,true],"ultp_layout_square":["https:\/\/magazineweb.com.ar\/wp-content\/uploads\/2025\/04\/720-24-600x600.webp",600,600,true]},"rttpg_author":{"display_name":"Redacci\u00f3n Magazine Web","author_link":"https:\/\/magazineweb.com.ar\/?author=3"},"rttpg_comment":0,"rttpg_category":"<a href=\"https:\/\/magazineweb.com.ar\/?cat=13\" rel=\"category\">Pol\u00edtica<\/a> <a href=\"https:\/\/magazineweb.com.ar\/?cat=14\" rel=\"category\">Provincial<\/a>","rttpg_excerpt":"El gobernador bonaerense, Axel Kicillof, denunci\u00f3 a la administraci\u00f3n del presidente Javier Milei por el ajuste presupuestario en la obra p\u00fablica y calific\u00f3 de \u00abcriminal\u00bb la desinversi\u00f3n del Ejecutivo en&hellip;","_links":{"self":[{"href":"https:\/\/magazineweb.com.ar\/index.php?rest_route=\/wp\/v2\/posts\/9090","targetHints":{"allow":["GET"]}}],"collection":[{"href":"https:\/\/magazineweb.com.ar\/index.php?rest_route=\/wp\/v2\/posts"}],"about":[{"href":"https:\/\/magazineweb.com.ar\/index.php?rest_route=\/wp\/v2\/types\/post"}],"author":[{"embeddable":true,"href":"https:\/\/magazineweb.com.ar\/index.php?rest_route=\/wp\/v2\/users\/3"}],"replies":[{"embeddable":true,"href":"https:\/\/magazineweb.com.ar\/index.php?rest_route=%2Fwp%2Fv2%2Fcomments&post=9090"}],"version-history":[{"count":1,"href":"https:\/\/magazineweb.com.ar\/index.php?rest_route=\/wp\/v2\/posts\/9090\/revisions"}],"predecessor-version":[{"id":9092,"href":"https:\/\/magazineweb.com.ar\/index.php?rest_route=\/wp\/v2\/posts\/9090\/revisions\/9092"}],"wp:featuredmedia":[{"embeddable":true,"href":"https:\/\/magazineweb.com.ar\/index.php?rest_route=\/wp\/v2\/media\/9091"}],"wp:attachment":[{"href":"https:\/\/magazineweb.com.ar\/index.php?rest_route=%2Fwp%2Fv2%2Fmedia&parent=9090"}],"wp:term":[{"taxonomy":"category","embeddable":true,"href":"https:\/\/magazineweb.com.ar\/index.php?rest_route=%2Fwp%2Fv2%2Fcategories&post=9090"},{"taxonomy":"post_tag","embeddable":true,"href":"https:\/\/magazineweb.com.ar\/index.php?rest_route=%2Fwp%2Fv2%2Ftags&post=9090"}],"curies":[{"name":"wp","href":"https:\/\/api.w.org\/{rel}","templated":true}]}}