{"id":9096,"date":"2025-04-25T01:09:00","date_gmt":"2025-04-25T04:09:00","guid":{"rendered":"https:\/\/magazineweb.com.ar\/?p=9096"},"modified":"2025-04-23T21:19:34","modified_gmt":"2025-04-24T00:19:34","slug":"mas-de-100-auxiliares-se-capacitaron-en-gestion-alimentaria-escolar","status":"publish","type":"post","link":"https:\/\/magazineweb.com.ar\/?p=9096","title":{"rendered":"M\u00e1s de 100 auxiliares se capacitaron en Gesti\u00f3n Alimentaria Escolar"},"content":{"rendered":"\n<p>Se entregaron carnets de Manipulaci\u00f3n de Alimentos a 109 auxiliares educativos de Berazategui que realizaron el Curso de Gesti\u00f3n y Abordaje Integral del Servicio Alimentario Escolar. El acto fue encabezado por el intendente Juan Jos\u00e9 Mussi, quien los felicit\u00f3 por su compromiso con la educaci\u00f3n p\u00fablica.<\/p>\n\n\n\n<p>El curso consisti\u00f3 en diez m\u00f3dulos que se dictaron con modalidad mixta (virtual y presencial), con una duraci\u00f3n de ocho semanas en total. Los temas incluyeron: procesos de almacenado, conservaci\u00f3n y cocci\u00f3n de los alimentos; promoci\u00f3n de alimentaci\u00f3n saludable y celiaqu\u00eda; y el rol que cumple la escuela en la construcci\u00f3n de entornos escolares saludables. Cada uno de los auxiliares y aspirantes recibir\u00e1n -en el futuro- el carnet de manipulaci\u00f3n de alimentos, requisito impuesto en el C\u00f3digo Alimentario Argentino.<\/p>\n\n\n\n<p>Al respecto, Mussi afirm\u00f3: \u201cConozco la calidad de lo que los y las auxiliares les brindan a los chicos y el cari\u00f1o con el que cocinan. Un chico que no est\u00e1 bien alimentado, no puede aprender bien. El auxiliar tiene un valor incalculable: forma parte de la comunidad educativa, su labor es imprescindible. Les agradezco lo que hacen y les pido que no aflojen\u201d.<\/p>\n\n\n\n<p>Asimismo, el presidente del Consejo Escolar local, Fernando Cardozo, dijo: \u201cGracias al apoyo del Ministerio de Desarrollo de la Comunidad de la Provincia, al arduo trabajo del Consejo Escolar y a la nutricionista -Eliana Bazar-, por hacernos un poquito mejores en nuestra labor. Este carnet tambi\u00e9n nos ampl\u00eda la posibilidad laboral y suma a nuestro desarrollo personal. Agradecemos al intendente Mussi por su apoyo constante a estas iniciativas y a la educaci\u00f3n p\u00fablica. Siempre nos pide hacer estas cosas para que nuestros pibes est\u00e9n mejor cuidados\u00bb.<\/p>\n\n\n\n<p>En tanto, una de las auxiliares que particip\u00f3 del curso, Natali Villalba, expres\u00f3: \u201cTrabajo en la Escuela T\u00e9cnica N\u00b0 5 y hoy recib\u00ed mi carnet de Manipulaci\u00f3n de Alimentos. Agradezco la posibilidad que nos dan de tener esta formaci\u00f3n, que me brinda m\u00e1s conocimiento para ayudar en la Escuela\u201d.<\/p>\n\n\n\n<p>Tambi\u00e9n participaron en el acto: integrantes del Gabinete municipal y del Consejo Escolar; la inspectora Jefa Distrital, Gladys Ram\u00edrez; y la licenciada en Nutrici\u00f3n a cargo del dictado de los cursos, Eliana Bazar.<\/p>\n","protected":false},"excerpt":{"rendered":"<p>Se entregaron carnets de Manipulaci\u00f3n de Alimentos a 109 auxiliares educativos de Berazategui que realizaron el Curso de Gesti\u00f3n y Abordaje Integral del Servicio Alimentario Escolar. El acto fue encabezado&hellip;<\/p>\n","protected":false},"author":3,"featured_media":9097,"comment_status":"closed","ping_status":"closed","sticky":false,"template":"","format":"standard","meta":{"footnotes":""},"categories":[9],"tags":[],"class_list":["post-9096","post","type-post","status-publish","format-standard","has-post-thumbnail","hentry","category-informacion-general"],"rttpg_featured_image_url":{"full":["https:\/\/magazineweb.com.ar\/wp-content\/uploads\/2025\/04\/MAS-DE-100-AUXILIARES-SE-CAPACITARON-EN-GESTION-ALIMENTARIA-ESCOLAR-4.jpg",1920,1280,false],"landscape":["https:\/\/magazineweb.com.ar\/wp-content\/uploads\/2025\/04\/MAS-DE-100-AUXILIARES-SE-CAPACITARON-EN-GESTION-ALIMENTARIA-ESCOLAR-4.jpg",1920,1280,false],"portraits":["https:\/\/magazineweb.com.ar\/wp-content\/uploads\/2025\/04\/MAS-DE-100-AUXILIARES-SE-CAPACITARON-EN-GESTION-ALIMENTARIA-ESCOLAR-4.jpg",1920,1280,false],"thumbnail":["https:\/\/magazineweb.com.ar\/wp-content\/uploads\/2025\/04\/MAS-DE-100-AUXILIARES-SE-CAPACITARON-EN-GESTION-ALIMENTARIA-ESCOLAR-4-150x150.jpg",150,150,true],"medium":["https:\/\/magazineweb.com.ar\/wp-content\/uploads\/2025\/04\/MAS-DE-100-AUXILIARES-SE-CAPACITARON-EN-GESTION-ALIMENTARIA-ESCOLAR-4-300x200.jpg",300,200,true],"large":["https:\/\/magazineweb.com.ar\/wp-content\/uploads\/2025\/04\/MAS-DE-100-AUXILIARES-SE-CAPACITARON-EN-GESTION-ALIMENTARIA-ESCOLAR-4-1024x683.jpg",1024,683,true],"1536x1536":["https:\/\/magazineweb.com.ar\/wp-content\/uploads\/2025\/04\/MAS-DE-100-AUXILIARES-SE-CAPACITARON-EN-GESTION-ALIMENTARIA-ESCOLAR-4-1536x1024.jpg",1536,1024,true],"2048x2048":["https:\/\/magazineweb.com.ar\/wp-content\/uploads\/2025\/04\/MAS-DE-100-AUXILIARES-SE-CAPACITARON-EN-GESTION-ALIMENTARIA-ESCOLAR-4.jpg",1920,1280,false],"ultp_layout_landscape_large":["https:\/\/magazineweb.com.ar\/wp-content\/uploads\/2025\/04\/MAS-DE-100-AUXILIARES-SE-CAPACITARON-EN-GESTION-ALIMENTARIA-ESCOLAR-4-1200x800.jpg",1200,800,true],"ultp_layout_landscape":["https:\/\/magazineweb.com.ar\/wp-content\/uploads\/2025\/04\/MAS-DE-100-AUXILIARES-SE-CAPACITARON-EN-GESTION-ALIMENTARIA-ESCOLAR-4-870x570.jpg",870,570,true],"ultp_layout_portrait":["https:\/\/magazineweb.com.ar\/wp-content\/uploads\/2025\/04\/MAS-DE-100-AUXILIARES-SE-CAPACITARON-EN-GESTION-ALIMENTARIA-ESCOLAR-4-600x900.jpg",600,900,true],"ultp_layout_square":["https:\/\/magazineweb.com.ar\/wp-content\/uploads\/2025\/04\/MAS-DE-100-AUXILIARES-SE-CAPACITARON-EN-GESTION-ALIMENTARIA-ESCOLAR-4-600x600.jpg",600,600,true]},"rttpg_author":{"display_name":"Redacci\u00f3n Magazine Web","author_link":"https:\/\/magazineweb.com.ar\/?author=3"},"rttpg_comment":0,"rttpg_category":"<a href=\"https:\/\/magazineweb.com.ar\/?cat=9\" rel=\"category\">Informaci\u00f3n General<\/a>","rttpg_excerpt":"Se entregaron carnets de Manipulaci\u00f3n de Alimentos a 109 auxiliares educativos de Berazategui que realizaron el Curso de Gesti\u00f3n y Abordaje Integral del Servicio Alimentario Escolar. El acto fue encabezado&hellip;","_links":{"self":[{"href":"https:\/\/magazineweb.com.ar\/index.php?rest_route=\/wp\/v2\/posts\/9096","targetHints":{"allow":["GET"]}}],"collection":[{"href":"https:\/\/magazineweb.com.ar\/index.php?rest_route=\/wp\/v2\/posts"}],"about":[{"href":"https:\/\/magazineweb.com.ar\/index.php?rest_route=\/wp\/v2\/types\/post"}],"author":[{"embeddable":true,"href":"https:\/\/magazineweb.com.ar\/index.php?rest_route=\/wp\/v2\/users\/3"}],"replies":[{"embeddable":true,"href":"https:\/\/magazineweb.com.ar\/index.php?rest_route=%2Fwp%2Fv2%2Fcomments&post=9096"}],"version-history":[{"count":1,"href":"https:\/\/magazineweb.com.ar\/index.php?rest_route=\/wp\/v2\/posts\/9096\/revisions"}],"predecessor-version":[{"id":9098,"href":"https:\/\/magazineweb.com.ar\/index.php?rest_route=\/wp\/v2\/posts\/9096\/revisions\/9098"}],"wp:featuredmedia":[{"embeddable":true,"href":"https:\/\/magazineweb.com.ar\/index.php?rest_route=\/wp\/v2\/media\/9097"}],"wp:attachment":[{"href":"https:\/\/magazineweb.com.ar\/index.php?rest_route=%2Fwp%2Fv2%2Fmedia&parent=9096"}],"wp:term":[{"taxonomy":"category","embeddable":true,"href":"https:\/\/magazineweb.com.ar\/index.php?rest_route=%2Fwp%2Fv2%2Fcategories&post=9096"},{"taxonomy":"post_tag","embeddable":true,"href":"https:\/\/magazineweb.com.ar\/index.php?rest_route=%2Fwp%2Fv2%2Ftags&post=9096"}],"curies":[{"name":"wp","href":"https:\/\/api.w.org\/{rel}","templated":true}]}}