{"id":9202,"date":"2025-05-26T01:05:00","date_gmt":"2025-05-26T04:05:00","guid":{"rendered":"https:\/\/magazineweb.com.ar\/?p=9202"},"modified":"2025-05-26T09:57:54","modified_gmt":"2025-05-26T12:57:54","slug":"mayra-encabezo-la-entrega-de-un-sillon-de-partos-para-el-hospital-dr-eduardo-oller-de-solano-y-recorrio-las-salas","status":"publish","type":"post","link":"https:\/\/magazineweb.com.ar\/?p=9202","title":{"rendered":"Mayra encabez\u00f3 la entrega de un sill\u00f3n de partos para el hospital Dr. Eduardo Oller de Solano y recorri\u00f3 las salas"},"content":{"rendered":"\n<p>La intendenta de Quilmes, Mayra Mendoza, encabez\u00f3 el jueves la entrega de un sill\u00f3n de partos para el Hospital \u201cDr. Eduardo Oller\u201d, de San Francisco Solano, ubicado en la avenida 844 N\u00ba 2100, que se utilizar\u00e1 con la finalidad de otorgar mayores comodidades a las pacientes que all\u00ed se encuentran. Esta iniciativa se enmarca dentro de la Semana del Parto Respetado, con el objetivo de garantizar la autonom\u00eda y el buen trato hacia las personas gestantes.<\/p>\n\n\n\n<p>\u201cRecorrimos las salas del Hospital Oller y visitamos el \u00e1rea de recepci\u00f3n del reci\u00e9n nacido, donde presentamos un nuevo sill\u00f3n de parto m\u00e1s vers\u00e1til, c\u00f3modo y adaptado a las m\u00faltiples necesidades durante el nacimiento. Mi reconocimiento a las y los trabajadores que d\u00eda a d\u00eda realizan una atenci\u00f3n humana. Vamos a seguir trabajando por una salud p\u00fablica de calidad, con perspectiva de derechos y cerca de cada familia\u201d, destac\u00f3 Mayra, que estuvo acompa\u00f1ada por la secretaria de Salud local, Carolina Begue.<\/p>\n\n\n\n<p>En relaci\u00f3n a la actividad, Begue sostuvo: \u201cEstamos acompa\u00f1ando las actividades de la Semana Mundial del Parto Respetado. As\u00ed ponemos en valor las pol\u00edticas que fuimos incorporando en el Hospital Municipal de Solano para profundizar la garant\u00eda de derechos durante el embarazo y el parto. Hoy tenemos actividades que desarrolla el equipo de salud del hospital como tambi\u00e9n de los distintos centros de atenci\u00f3n primaria, que vinieron para mostrar de manera conjunta su trabajo en los controles del embarazo y en las derivaciones, en la preparaci\u00f3n para el parto y la lactancia, y la informaci\u00f3n para que cada familia pueda transitar esta etapa de la mejor manera\u201d.<\/p>\n\n\n\n<p>En el lugar tambi\u00e9n se montaron stands y se entreg\u00f3 folleter\u00eda con informaci\u00f3n relacionada a la Ley N\u00ba 25.959 de Parto Humanizado, que entre los \u00edtems se destac\u00f3 la importancia del trato personalizado no discriminatorio y de respeto hacia la intimidad; de estar acompa\u00f1ado durante todo el proceso de la persona que uno eligi\u00f3; que se respeten los tiempos, se eviten las pr\u00e1cticas invasivas y los medicamentos injustificados; entre otros.<\/p>\n\n\n\n<p>Durante la recorrida, la Jefa comunal visit\u00f3&nbsp;las salas de parto que cuentan con dos habitaciones dobles, equipadas con ba\u00f1o privado, televisi\u00f3n, tela y pelotas de ejercicios. Estos elementos contribuyen a que el trabajo de parto sea una experiencia acompa\u00f1ada, segura y respetuosa.<\/p>\n\n\n\n<p>En referencia a la entrega del sill\u00f3n, este permite realizar la tarea en diversas posiciones de cama, de sill\u00f3n, de pie, o con un banco de partos durante el per\u00edodo dilatante y se adapta tambi\u00e9n a las necesidades del momento del parto.<\/p>\n\n\n\n<p>Tambi\u00e9n participaron de la jornada el subsecretario de Salud, Leandro Cardonetti; la directora general del hospital, Bel\u00e9n Vera; la directora de enfermer\u00eda, Flavia Cazon, la jefa del Departamento de Enfermer\u00eda, Mabel Vega; el director m\u00e9dico, Rafael Castillo; la directora de Personal, Natalia Zelechowski;&nbsp; la jefa del Servicio de Obstetricia, Sandra Guti\u00e9rrez; el jefe del Servicio de Neonatolog\u00eda, Melvin Barrantes, y su par del Servicio de Tocoginecolog\u00eda, Mar\u00eda Romano.<\/p>\n","protected":false},"excerpt":{"rendered":"<p>La intendenta de Quilmes, Mayra Mendoza, encabez\u00f3 el jueves la entrega de un sill\u00f3n de partos para el Hospital \u201cDr. Eduardo Oller\u201d, de San Francisco Solano, ubicado en la avenida&hellip;<\/p>\n","protected":false},"author":3,"featured_media":9203,"comment_status":"closed","ping_status":"closed","sticky":false,"template":"","format":"standard","meta":{"footnotes":""},"categories":[16],"tags":[],"class_list":["post-9202","post","type-post","status-publish","format-standard","has-post-thumbnail","hentry","category-salud-y-medio-ambiente"],"rttpg_featured_image_url":{"full":["https:\/\/magazineweb.com.ar\/wp-content\/uploads\/2025\/05\/OLLER-DE-SOLANO-Y-RECORRIO-LAS-SALAS-2.jpg",720,480,false],"landscape":["https:\/\/magazineweb.com.ar\/wp-content\/uploads\/2025\/05\/OLLER-DE-SOLANO-Y-RECORRIO-LAS-SALAS-2.jpg",720,480,false],"portraits":["https:\/\/magazineweb.com.ar\/wp-content\/uploads\/2025\/05\/OLLER-DE-SOLANO-Y-RECORRIO-LAS-SALAS-2.jpg",720,480,false],"thumbnail":["https:\/\/magazineweb.com.ar\/wp-content\/uploads\/2025\/05\/OLLER-DE-SOLANO-Y-RECORRIO-LAS-SALAS-2-150x150.jpg",150,150,true],"medium":["https:\/\/magazineweb.com.ar\/wp-content\/uploads\/2025\/05\/OLLER-DE-SOLANO-Y-RECORRIO-LAS-SALAS-2-300x200.jpg",300,200,true],"large":["https:\/\/magazineweb.com.ar\/wp-content\/uploads\/2025\/05\/OLLER-DE-SOLANO-Y-RECORRIO-LAS-SALAS-2.jpg",720,480,false],"1536x1536":["https:\/\/magazineweb.com.ar\/wp-content\/uploads\/2025\/05\/OLLER-DE-SOLANO-Y-RECORRIO-LAS-SALAS-2.jpg",720,480,false],"2048x2048":["https:\/\/magazineweb.com.ar\/wp-content\/uploads\/2025\/05\/OLLER-DE-SOLANO-Y-RECORRIO-LAS-SALAS-2.jpg",720,480,false],"ultp_layout_landscape_large":["https:\/\/magazineweb.com.ar\/wp-content\/uploads\/2025\/05\/OLLER-DE-SOLANO-Y-RECORRIO-LAS-SALAS-2.jpg",720,480,false],"ultp_layout_landscape":["https:\/\/magazineweb.com.ar\/wp-content\/uploads\/2025\/05\/OLLER-DE-SOLANO-Y-RECORRIO-LAS-SALAS-2.jpg",720,480,false],"ultp_layout_portrait":["https:\/\/magazineweb.com.ar\/wp-content\/uploads\/2025\/05\/OLLER-DE-SOLANO-Y-RECORRIO-LAS-SALAS-2-600x480.jpg",600,480,true],"ultp_layout_square":["https:\/\/magazineweb.com.ar\/wp-content\/uploads\/2025\/05\/OLLER-DE-SOLANO-Y-RECORRIO-LAS-SALAS-2-600x480.jpg",600,480,true]},"rttpg_author":{"display_name":"Redacci\u00f3n Magazine Web","author_link":"https:\/\/magazineweb.com.ar\/?author=3"},"rttpg_comment":0,"rttpg_category":"<a href=\"https:\/\/magazineweb.com.ar\/?cat=16\" rel=\"category\">Salud y Medio Ambiente<\/a>","rttpg_excerpt":"La intendenta de Quilmes, Mayra Mendoza, encabez\u00f3 el jueves la entrega de un sill\u00f3n de partos para el Hospital \u201cDr. Eduardo Oller\u201d, de San Francisco Solano, ubicado en la avenida&hellip;","_links":{"self":[{"href":"https:\/\/magazineweb.com.ar\/index.php?rest_route=\/wp\/v2\/posts\/9202","targetHints":{"allow":["GET"]}}],"collection":[{"href":"https:\/\/magazineweb.com.ar\/index.php?rest_route=\/wp\/v2\/posts"}],"about":[{"href":"https:\/\/magazineweb.com.ar\/index.php?rest_route=\/wp\/v2\/types\/post"}],"author":[{"embeddable":true,"href":"https:\/\/magazineweb.com.ar\/index.php?rest_route=\/wp\/v2\/users\/3"}],"replies":[{"embeddable":true,"href":"https:\/\/magazineweb.com.ar\/index.php?rest_route=%2Fwp%2Fv2%2Fcomments&post=9202"}],"version-history":[{"count":1,"href":"https:\/\/magazineweb.com.ar\/index.php?rest_route=\/wp\/v2\/posts\/9202\/revisions"}],"predecessor-version":[{"id":9204,"href":"https:\/\/magazineweb.com.ar\/index.php?rest_route=\/wp\/v2\/posts\/9202\/revisions\/9204"}],"wp:featuredmedia":[{"embeddable":true,"href":"https:\/\/magazineweb.com.ar\/index.php?rest_route=\/wp\/v2\/media\/9203"}],"wp:attachment":[{"href":"https:\/\/magazineweb.com.ar\/index.php?rest_route=%2Fwp%2Fv2%2Fmedia&parent=9202"}],"wp:term":[{"taxonomy":"category","embeddable":true,"href":"https:\/\/magazineweb.com.ar\/index.php?rest_route=%2Fwp%2Fv2%2Fcategories&post=9202"},{"taxonomy":"post_tag","embeddable":true,"href":"https:\/\/magazineweb.com.ar\/index.php?rest_route=%2Fwp%2Fv2%2Ftags&post=9202"}],"curies":[{"name":"wp","href":"https:\/\/api.w.org\/{rel}","templated":true}]}}