{"id":9208,"date":"2025-05-26T01:05:00","date_gmt":"2025-05-26T04:05:00","guid":{"rendered":"https:\/\/magazineweb.com.ar\/?p=9208"},"modified":"2025-05-26T10:03:21","modified_gmt":"2025-05-26T13:03:21","slug":"mas-de-40-motociclistas-varelenses-capacitados-y-capacitadas-en-conduccion-segura","status":"publish","type":"post","link":"https:\/\/magazineweb.com.ar\/?p=9208","title":{"rendered":"M\u00e1s de 40 motociclistas varelenses capacitados y capacitadas en conducci\u00f3n segura"},"content":{"rendered":"\n<p>El Ejecutivo local diagram\u00f3 un curso te\u00f3rico-pr\u00e1ctico gratuito destinado a 47 trabajadores y trabajadoras en moto, quienes recibieron un casco homologado en la Subsecretar\u00eda de Inspecci\u00f3n General, Seguridad Vial y Movilidad Urbana, ubicada en calle Lavalle N\u00ba550, el viernes por la tarde.<\/p>\n\n\n\n<p>El secretario general de Gesti\u00f3n P\u00fablica -Christian Rodr\u00edguez- destac\u00f3 \u201cla iniciativa impulsada por nuestro intendente Andr\u00e9s Watson para promover la concientizaci\u00f3n sobre el respeto de las normas de tr\u00e1nsito y garantizar el resguardo de la ciudadan\u00eda\u00bb.<\/p>\n\n\n\n<p>El funcionario remarc\u00f3 \u00ablos conocimientos y las herramientas imprescindibles en un mejor desarrollo de su labor, pero tambi\u00e9n a fin de cuidar sus vidas\u00bb. Por otra parte, refiri\u00f3 al \u00abpermanente respaldo del gobierno bonaerense; hoy, con la provisi\u00f3n de los elementos de protecci\u00f3n mediante el Ministerio de Transporte\u201d.<\/p>\n\n\n\n<p>La responsable en la dependencia anfitriona -Ver\u00f3nica Chechelo- describi\u00f3 \u00abun proyecto orientado a prevenir siniestros\u00bb. \u00abBrindamos una charla explicativa y realizaron una prueba de conducci\u00f3n\u201d, puntualiz\u00f3. Adem\u00e1s, resalt\u00f3 \u00abla posibilidad de recibir sin costo un insumo fundamental en su actividad\u201d.<\/p>\n\n\n\n<p>Daniel Ponce, delivery de una plataforma online, agradeci\u00f3 el art\u00edculo que, \u00abpor motivos econ\u00f3micos, no hab\u00eda renovado\u00bb. \u201cTuve un accidente tiempo atr\u00e1s. Gracias a uno que me dieron en una capacitaci\u00f3n anterior, me salv\u00e9\u201d, record\u00f3 el hombre de Villa Argentina.<\/p>\n\n\n\n<p>Desde Ricardo Rojas, lleg\u00f3 Mat\u00edas Albaglio. El ch\u00f3fer de aplicaci\u00f3n defini\u00f3 a la propuesta como \u201cmuy interesante\u201d. Celebr\u00f3 \u201cla formaci\u00f3n a las y los motociclistas con la intenci\u00f3n de evitar choques\u201d.<\/p>\n","protected":false},"excerpt":{"rendered":"<p>El Ejecutivo local diagram\u00f3 un curso te\u00f3rico-pr\u00e1ctico gratuito destinado a 47 trabajadores y trabajadoras en moto, quienes recibieron un casco homologado en la Subsecretar\u00eda de Inspecci\u00f3n General, Seguridad Vial y&hellip;<\/p>\n","protected":false},"author":3,"featured_media":9209,"comment_status":"closed","ping_status":"closed","sticky":false,"template":"","format":"standard","meta":{"footnotes":""},"categories":[9],"tags":[],"class_list":["post-9208","post","type-post","status-publish","format-standard","has-post-thumbnail","hentry","category-informacion-general"],"rttpg_featured_image_url":{"full":["https:\/\/magazineweb.com.ar\/wp-content\/uploads\/2025\/05\/motoci-scaled.jpg",2560,1707,false],"landscape":["https:\/\/magazineweb.com.ar\/wp-content\/uploads\/2025\/05\/motoci-scaled.jpg",2560,1707,false],"portraits":["https:\/\/magazineweb.com.ar\/wp-content\/uploads\/2025\/05\/motoci-scaled.jpg",2560,1707,false],"thumbnail":["https:\/\/magazineweb.com.ar\/wp-content\/uploads\/2025\/05\/motoci-150x150.jpg",150,150,true],"medium":["https:\/\/magazineweb.com.ar\/wp-content\/uploads\/2025\/05\/motoci-300x200.jpg",300,200,true],"large":["https:\/\/magazineweb.com.ar\/wp-content\/uploads\/2025\/05\/motoci-1024x683.jpg",1024,683,true],"1536x1536":["https:\/\/magazineweb.com.ar\/wp-content\/uploads\/2025\/05\/motoci-1536x1024.jpg",1536,1024,true],"2048x2048":["https:\/\/magazineweb.com.ar\/wp-content\/uploads\/2025\/05\/motoci-2048x1365.jpg",2048,1365,true],"ultp_layout_landscape_large":["https:\/\/magazineweb.com.ar\/wp-content\/uploads\/2025\/05\/motoci-1200x800.jpg",1200,800,true],"ultp_layout_landscape":["https:\/\/magazineweb.com.ar\/wp-content\/uploads\/2025\/05\/motoci-870x570.jpg",870,570,true],"ultp_layout_portrait":["https:\/\/magazineweb.com.ar\/wp-content\/uploads\/2025\/05\/motoci-600x900.jpg",600,900,true],"ultp_layout_square":["https:\/\/magazineweb.com.ar\/wp-content\/uploads\/2025\/05\/motoci-600x600.jpg",600,600,true]},"rttpg_author":{"display_name":"Redacci\u00f3n Magazine Web","author_link":"https:\/\/magazineweb.com.ar\/?author=3"},"rttpg_comment":0,"rttpg_category":"<a href=\"https:\/\/magazineweb.com.ar\/?cat=9\" rel=\"category\">Informaci\u00f3n General<\/a>","rttpg_excerpt":"El Ejecutivo local diagram\u00f3 un curso te\u00f3rico-pr\u00e1ctico gratuito destinado a 47 trabajadores y trabajadoras en moto, quienes recibieron un casco homologado en la Subsecretar\u00eda de Inspecci\u00f3n General, Seguridad Vial y&hellip;","_links":{"self":[{"href":"https:\/\/magazineweb.com.ar\/index.php?rest_route=\/wp\/v2\/posts\/9208","targetHints":{"allow":["GET"]}}],"collection":[{"href":"https:\/\/magazineweb.com.ar\/index.php?rest_route=\/wp\/v2\/posts"}],"about":[{"href":"https:\/\/magazineweb.com.ar\/index.php?rest_route=\/wp\/v2\/types\/post"}],"author":[{"embeddable":true,"href":"https:\/\/magazineweb.com.ar\/index.php?rest_route=\/wp\/v2\/users\/3"}],"replies":[{"embeddable":true,"href":"https:\/\/magazineweb.com.ar\/index.php?rest_route=%2Fwp%2Fv2%2Fcomments&post=9208"}],"version-history":[{"count":1,"href":"https:\/\/magazineweb.com.ar\/index.php?rest_route=\/wp\/v2\/posts\/9208\/revisions"}],"predecessor-version":[{"id":9210,"href":"https:\/\/magazineweb.com.ar\/index.php?rest_route=\/wp\/v2\/posts\/9208\/revisions\/9210"}],"wp:featuredmedia":[{"embeddable":true,"href":"https:\/\/magazineweb.com.ar\/index.php?rest_route=\/wp\/v2\/media\/9209"}],"wp:attachment":[{"href":"https:\/\/magazineweb.com.ar\/index.php?rest_route=%2Fwp%2Fv2%2Fmedia&parent=9208"}],"wp:term":[{"taxonomy":"category","embeddable":true,"href":"https:\/\/magazineweb.com.ar\/index.php?rest_route=%2Fwp%2Fv2%2Fcategories&post=9208"},{"taxonomy":"post_tag","embeddable":true,"href":"https:\/\/magazineweb.com.ar\/index.php?rest_route=%2Fwp%2Fv2%2Ftags&post=9208"}],"curies":[{"name":"wp","href":"https:\/\/api.w.org\/{rel}","templated":true}]}}