{"id":9223,"date":"2025-05-26T01:02:00","date_gmt":"2025-05-26T04:02:00","guid":{"rendered":"https:\/\/magazineweb.com.ar\/?p=9223"},"modified":"2025-05-26T10:45:30","modified_gmt":"2025-05-26T13:45:30","slug":"axel-kicillof-la-campana-electoral-no-es-sucia-es-ronosa","status":"publish","type":"post","link":"https:\/\/magazineweb.com.ar\/?p=9223","title":{"rendered":"Axel Kicillof: \u00abLa campa\u00f1a electoral no es sucia, es ro\u00f1osa\u00bb"},"content":{"rendered":"\n<p>El gobernador de la provincia de Buenos Aires, Axel Kicillof, asegur\u00f3 que la campa\u00f1a electoral para las pr\u00f3ximas legislativas bonaerenses, que se llevar\u00e1n a cabo el 7 de septiembre, \u201cno es sucia, es ro\u00f1osa\u201d, debido a las declaraciones de la ministra de Seguridad Nacional, Patricia Bullrich, y el diputado nacional Jos\u00e9 Luis Espert (La Libertad Avanza) sobre la seguridad bonaerense, y por la utilizaci\u00f3n de las inundaciones en contra del Gobierno provincial.<\/p>\n\n\n\n<p>Por ese motivo, Kicillof junto al gabinete bonaerense decidi\u00f3 hacer un reporte sobre \u201ctodas las acciones que se est\u00e1n realizando con respecto a la asistencia de las zonas afectadas por las inundaciones\u201d porque, en el marco de las campa\u00f1as electorales, desde Naci\u00f3n \u201cse va a tratar de utilizar\u00bb este tema \u00abpara hacer da\u00f1o, mentir, enga\u00f1ar y provocar\u201d de manera \u201cirresponsable\u201d como lo hacen con el tema de la seguridad en la provincia.<\/p>\n","protected":false},"excerpt":{"rendered":"<p>El gobernador de la provincia de Buenos Aires, Axel Kicillof, asegur\u00f3 que la campa\u00f1a electoral para las pr\u00f3ximas legislativas bonaerenses, que se llevar\u00e1n a cabo el 7 de septiembre, \u201cno&hellip;<\/p>\n","protected":false},"author":3,"featured_media":9224,"comment_status":"closed","ping_status":"closed","sticky":false,"template":"","format":"standard","meta":{"footnotes":""},"categories":[4,13,14],"tags":[],"class_list":["post-9223","post","type-post","status-publish","format-standard","has-post-thumbnail","hentry","category-destacados","category-politica","category-provincial"],"rttpg_featured_image_url":{"full":["https:\/\/magazineweb.com.ar\/wp-content\/uploads\/2025\/05\/720-11.webp",947,720,false],"landscape":["https:\/\/magazineweb.com.ar\/wp-content\/uploads\/2025\/05\/720-11.webp",947,720,false],"portraits":["https:\/\/magazineweb.com.ar\/wp-content\/uploads\/2025\/05\/720-11.webp",947,720,false],"thumbnail":["https:\/\/magazineweb.com.ar\/wp-content\/uploads\/2025\/05\/720-11-150x150.webp",150,150,true],"medium":["https:\/\/magazineweb.com.ar\/wp-content\/uploads\/2025\/05\/720-11-300x228.webp",300,228,true],"large":["https:\/\/magazineweb.com.ar\/wp-content\/uploads\/2025\/05\/720-11.webp",947,720,false],"1536x1536":["https:\/\/magazineweb.com.ar\/wp-content\/uploads\/2025\/05\/720-11.webp",947,720,false],"2048x2048":["https:\/\/magazineweb.com.ar\/wp-content\/uploads\/2025\/05\/720-11.webp",947,720,false],"ultp_layout_landscape_large":["https:\/\/magazineweb.com.ar\/wp-content\/uploads\/2025\/05\/720-11.webp",947,720,false],"ultp_layout_landscape":["https:\/\/magazineweb.com.ar\/wp-content\/uploads\/2025\/05\/720-11-870x570.webp",870,570,true],"ultp_layout_portrait":["https:\/\/magazineweb.com.ar\/wp-content\/uploads\/2025\/05\/720-11-600x720.webp",600,720,true],"ultp_layout_square":["https:\/\/magazineweb.com.ar\/wp-content\/uploads\/2025\/05\/720-11-600x600.webp",600,600,true]},"rttpg_author":{"display_name":"Redacci\u00f3n Magazine Web","author_link":"https:\/\/magazineweb.com.ar\/?author=3"},"rttpg_comment":0,"rttpg_category":"<a href=\"https:\/\/magazineweb.com.ar\/?cat=4\" rel=\"category\">Destacados<\/a> <a href=\"https:\/\/magazineweb.com.ar\/?cat=13\" rel=\"category\">Pol\u00edtica<\/a> <a href=\"https:\/\/magazineweb.com.ar\/?cat=14\" rel=\"category\">Provincial<\/a>","rttpg_excerpt":"El gobernador de la provincia de Buenos Aires, Axel Kicillof, asegur\u00f3 que la campa\u00f1a electoral para las pr\u00f3ximas legislativas bonaerenses, que se llevar\u00e1n a cabo el 7 de septiembre, \u201cno&hellip;","_links":{"self":[{"href":"https:\/\/magazineweb.com.ar\/index.php?rest_route=\/wp\/v2\/posts\/9223","targetHints":{"allow":["GET"]}}],"collection":[{"href":"https:\/\/magazineweb.com.ar\/index.php?rest_route=\/wp\/v2\/posts"}],"about":[{"href":"https:\/\/magazineweb.com.ar\/index.php?rest_route=\/wp\/v2\/types\/post"}],"author":[{"embeddable":true,"href":"https:\/\/magazineweb.com.ar\/index.php?rest_route=\/wp\/v2\/users\/3"}],"replies":[{"embeddable":true,"href":"https:\/\/magazineweb.com.ar\/index.php?rest_route=%2Fwp%2Fv2%2Fcomments&post=9223"}],"version-history":[{"count":1,"href":"https:\/\/magazineweb.com.ar\/index.php?rest_route=\/wp\/v2\/posts\/9223\/revisions"}],"predecessor-version":[{"id":9225,"href":"https:\/\/magazineweb.com.ar\/index.php?rest_route=\/wp\/v2\/posts\/9223\/revisions\/9225"}],"wp:featuredmedia":[{"embeddable":true,"href":"https:\/\/magazineweb.com.ar\/index.php?rest_route=\/wp\/v2\/media\/9224"}],"wp:attachment":[{"href":"https:\/\/magazineweb.com.ar\/index.php?rest_route=%2Fwp%2Fv2%2Fmedia&parent=9223"}],"wp:term":[{"taxonomy":"category","embeddable":true,"href":"https:\/\/magazineweb.com.ar\/index.php?rest_route=%2Fwp%2Fv2%2Fcategories&post=9223"},{"taxonomy":"post_tag","embeddable":true,"href":"https:\/\/magazineweb.com.ar\/index.php?rest_route=%2Fwp%2Fv2%2Ftags&post=9223"}],"curies":[{"name":"wp","href":"https:\/\/api.w.org\/{rel}","templated":true}]}}