{"id":9249,"date":"2025-06-09T01:01:00","date_gmt":"2025-06-09T04:01:00","guid":{"rendered":"https:\/\/magazineweb.com.ar\/?p=9249"},"modified":"2025-06-07T13:34:27","modified_gmt":"2025-06-07T16:34:27","slug":"de-cara-a-las-elecciones-kicillof-advirtio-en-una-boleta-va-a-decir-mas-obras-y-en-la-otra-cero","status":"publish","type":"post","link":"https:\/\/magazineweb.com.ar\/?p=9249","title":{"rendered":"De cara a las elecciones, Kicillof advirti\u00f3: \u00abEn una boleta va a decir m\u00e1s obras y en la otra, cero\u00bb"},"content":{"rendered":"\n<p>El gobernador bonaerense&nbsp;Axel Kicillof&nbsp;asegur\u00f3 que en las pr\u00f3ximas elecciones se expresar\u00e1n dos modelos de pa\u00eds contrapuestos y advirti\u00f3: \u201cEn una boleta va a decir m\u00e1s obras&#8230; y en la otra cero obras para la provincia de Buenos Aires\u201d.<\/p>\n\n\n\n<p>Lo dijo durante un acto en General Villegas, donde cuestion\u00f3 al Gobierno nacional por la paralizaci\u00f3n de obras p\u00fablicas y el recorte de recursos para el interior provincial.<\/p>\n\n\n\n<p>\u201cEn una boleta va a decir m\u00e1s obras, m\u00e1s escuela p\u00fablica, m\u00e1s salud p\u00fablica y en otra va a decir cero, nada para el interior de la provincia. Por favor reflexionemos y pensemos\u201d, sostuvo el mandatario provincial en tono de campa\u00f1a, al contrastar su gesti\u00f3n con las pol\u00edticas de ajuste del gobierno libertario.<\/p>\n\n\n\n<p>Kicillof encabez\u00f3 la inauguraci\u00f3n de una sede de la Patrulla Rural y la entrega de patrulleros en Villegas, donde tambi\u00e9n subray\u00f3 la necesidad de invertir en seguridad con recursos p\u00fablicos: \u201cLo que hay que meter primero, m\u00e1s que bala, es inversi\u00f3n.&nbsp;Sin recursos no hay seguridad\u201d, remarc\u00f3.<\/p>\n\n\n\n<p>En otro pasaje de su intervenci\u00f3n, el gobernador alert\u00f3 sobre las consecuencias del desfinanciamiento estatal: \u201cMucho cuidado con los que se llenan la boca con que hay que hacer el ajuste, la motosierra.&nbsp;Si no tenemos Estado, no hay educaci\u00f3n p\u00fablica, no hay hospitales,&nbsp;no hay rutas, maquinarias, productores, no tenemos nada en el interior\u201d, enumer\u00f3.<\/p>\n\n\n\n<p>Adem\u00e1s, volvi\u00f3 a denunciar que el gobierno del presidente Javier Milei \u201cpar\u00f3 todas las obras\u201d en la Provincia y se mostr\u00f3 dispuesto a asumir parte de esos proyectos. \u201cNos est\u00e1n sometiendo a una situaci\u00f3n de abandono. Les ofrec\u00ed hacernos cargo, hasta donde podamos, de las rutas\u201d, precis\u00f3 el gobernador.<\/p>\n\n\n\n<p>Estuvieron presentes durante el acto el ministro de Seguridad, Javier Alonso, la jefa de Asesores del Gobernador, Cristina \u00c1lvarez Rodr\u00edguez y el ministro de Desarrollo Agrario, Javier Rodr\u00edguez.<\/p>\n","protected":false},"excerpt":{"rendered":"<p>El gobernador bonaerense&nbsp;Axel Kicillof&nbsp;asegur\u00f3 que en las pr\u00f3ximas elecciones se expresar\u00e1n dos modelos de pa\u00eds contrapuestos y advirti\u00f3: \u201cEn una boleta va a decir m\u00e1s obras&#8230; y en la otra&hellip;<\/p>\n","protected":false},"author":3,"featured_media":9250,"comment_status":"closed","ping_status":"closed","sticky":false,"template":"","format":"standard","meta":{"footnotes":""},"categories":[4,13,14],"tags":[],"class_list":["post-9249","post","type-post","status-publish","format-standard","has-post-thumbnail","hentry","category-destacados","category-politica","category-provincial"],"rttpg_featured_image_url":{"full":["https:\/\/magazineweb.com.ar\/wp-content\/uploads\/2025\/06\/kici2.webp",1080,720,false],"landscape":["https:\/\/magazineweb.com.ar\/wp-content\/uploads\/2025\/06\/kici2.webp",1080,720,false],"portraits":["https:\/\/magazineweb.com.ar\/wp-content\/uploads\/2025\/06\/kici2.webp",1080,720,false],"thumbnail":["https:\/\/magazineweb.com.ar\/wp-content\/uploads\/2025\/06\/kici2-150x150.webp",150,150,true],"medium":["https:\/\/magazineweb.com.ar\/wp-content\/uploads\/2025\/06\/kici2-300x200.webp",300,200,true],"large":["https:\/\/magazineweb.com.ar\/wp-content\/uploads\/2025\/06\/kici2-1024x683.webp",1024,683,true],"1536x1536":["https:\/\/magazineweb.com.ar\/wp-content\/uploads\/2025\/06\/kici2.webp",1080,720,false],"2048x2048":["https:\/\/magazineweb.com.ar\/wp-content\/uploads\/2025\/06\/kici2.webp",1080,720,false],"ultp_layout_landscape_large":["https:\/\/magazineweb.com.ar\/wp-content\/uploads\/2025\/06\/kici2.webp",1080,720,false],"ultp_layout_landscape":["https:\/\/magazineweb.com.ar\/wp-content\/uploads\/2025\/06\/kici2-870x570.webp",870,570,true],"ultp_layout_portrait":["https:\/\/magazineweb.com.ar\/wp-content\/uploads\/2025\/06\/kici2-600x720.webp",600,720,true],"ultp_layout_square":["https:\/\/magazineweb.com.ar\/wp-content\/uploads\/2025\/06\/kici2-600x600.webp",600,600,true]},"rttpg_author":{"display_name":"Redacci\u00f3n Magazine Web","author_link":"https:\/\/magazineweb.com.ar\/?author=3"},"rttpg_comment":0,"rttpg_category":"<a href=\"https:\/\/magazineweb.com.ar\/?cat=4\" rel=\"category\">Destacados<\/a> <a href=\"https:\/\/magazineweb.com.ar\/?cat=13\" rel=\"category\">Pol\u00edtica<\/a> <a href=\"https:\/\/magazineweb.com.ar\/?cat=14\" rel=\"category\">Provincial<\/a>","rttpg_excerpt":"El gobernador bonaerense&nbsp;Axel Kicillof&nbsp;asegur\u00f3 que en las pr\u00f3ximas elecciones se expresar\u00e1n dos modelos de pa\u00eds contrapuestos y advirti\u00f3: \u201cEn una boleta va a decir m\u00e1s obras&#8230; y en la otra&hellip;","_links":{"self":[{"href":"https:\/\/magazineweb.com.ar\/index.php?rest_route=\/wp\/v2\/posts\/9249","targetHints":{"allow":["GET"]}}],"collection":[{"href":"https:\/\/magazineweb.com.ar\/index.php?rest_route=\/wp\/v2\/posts"}],"about":[{"href":"https:\/\/magazineweb.com.ar\/index.php?rest_route=\/wp\/v2\/types\/post"}],"author":[{"embeddable":true,"href":"https:\/\/magazineweb.com.ar\/index.php?rest_route=\/wp\/v2\/users\/3"}],"replies":[{"embeddable":true,"href":"https:\/\/magazineweb.com.ar\/index.php?rest_route=%2Fwp%2Fv2%2Fcomments&post=9249"}],"version-history":[{"count":1,"href":"https:\/\/magazineweb.com.ar\/index.php?rest_route=\/wp\/v2\/posts\/9249\/revisions"}],"predecessor-version":[{"id":9251,"href":"https:\/\/magazineweb.com.ar\/index.php?rest_route=\/wp\/v2\/posts\/9249\/revisions\/9251"}],"wp:featuredmedia":[{"embeddable":true,"href":"https:\/\/magazineweb.com.ar\/index.php?rest_route=\/wp\/v2\/media\/9250"}],"wp:attachment":[{"href":"https:\/\/magazineweb.com.ar\/index.php?rest_route=%2Fwp%2Fv2%2Fmedia&parent=9249"}],"wp:term":[{"taxonomy":"category","embeddable":true,"href":"https:\/\/magazineweb.com.ar\/index.php?rest_route=%2Fwp%2Fv2%2Fcategories&post=9249"},{"taxonomy":"post_tag","embeddable":true,"href":"https:\/\/magazineweb.com.ar\/index.php?rest_route=%2Fwp%2Fv2%2Ftags&post=9249"}],"curies":[{"name":"wp","href":"https:\/\/api.w.org\/{rel}","templated":true}]}}