{"id":9261,"date":"2025-06-07T16:47:20","date_gmt":"2025-06-07T19:47:20","guid":{"rendered":"https:\/\/magazineweb.com.ar\/?p=9261"},"modified":"2025-06-07T16:47:21","modified_gmt":"2025-06-07T19:47:21","slug":"comenzo-una-nueva-edicion-de-la-campana-abrigando-suenos","status":"publish","type":"post","link":"https:\/\/magazineweb.com.ar\/?p=9261","title":{"rendered":"Comenz\u00f3 una nueva edici\u00f3n de la campa\u00f1a Abrigando Sue\u00f1os"},"content":{"rendered":"\n<p>La Municipalidad de Berazategui lanza una nueva edici\u00f3n de Abrigando Sue\u00f1os, una campa\u00f1a solidaria impulsada por el intendente Juan Jos\u00e9 Mussi con el fin de reunir ropa de abrigo, frazadas, mantas y bufandas; as\u00ed como retazos de tela polar y lana -que ser\u00e1n utilizados para confeccionar prendas- para entregar a instituciones y escuelas locales.<\/p>\n\n\n\n<p>La convocatoria se extiende para que m\u00e1s vecinos y vecinas puedan sumarse a esta iniciativa solidaria, que tiene como objetivo llegar a ni\u00f1os y ni\u00f1as en situaci\u00f3n de vulnerabilidad social y mejorar su calidad de vida durante el periodo invernal.<\/p>\n\n\n\n<p>Aquellos vecinos, empresas, comercios e instituciones que deseen sumarse a trav\u00e9s de una donaci\u00f3n (de retazos de tela polar, lana, frazadas, mantas y bufandas); o como voluntarios, para realizar distintas actividades solidarias en beneficio de la comunidad a trav\u00e9s del Voluntariado Berazategui (VolBer), pueden comunicarse al 4356-9200 (Interno 1179), de lunes a viernes, de 9.00 a 14.00; o enviando un mail a responsabilidadsocial@berazategui.gob.ar.<\/p>\n\n\n\n<p>La Secretar\u00eda de Trabajo del Municipio asegura la log\u00edstica necesaria para la campa\u00f1a, que implica el acopio de donaciones, la entrega de retazos y el posterior retiro de los productos elaborados por las empresas, comercios y domicilios particulares.<\/p>\n","protected":false},"excerpt":{"rendered":"<p>La Municipalidad de Berazategui lanza una nueva edici\u00f3n de Abrigando Sue\u00f1os, una campa\u00f1a solidaria impulsada por el intendente Juan Jos\u00e9 Mussi con el fin de reunir ropa de abrigo, frazadas,&hellip;<\/p>\n","protected":false},"author":3,"featured_media":9262,"comment_status":"closed","ping_status":"closed","sticky":false,"template":"","format":"standard","meta":{"footnotes":""},"categories":[4,9],"tags":[],"class_list":["post-9261","post","type-post","status-publish","format-standard","has-post-thumbnail","hentry","category-destacados","category-informacion-general"],"rttpg_featured_image_url":{"full":["https:\/\/magazineweb.com.ar\/wp-content\/uploads\/2025\/06\/ABRIGANDO-SUENOS-1.jpg",1279,1600,false],"landscape":["https:\/\/magazineweb.com.ar\/wp-content\/uploads\/2025\/06\/ABRIGANDO-SUENOS-1.jpg",1279,1600,false],"portraits":["https:\/\/magazineweb.com.ar\/wp-content\/uploads\/2025\/06\/ABRIGANDO-SUENOS-1.jpg",1279,1600,false],"thumbnail":["https:\/\/magazineweb.com.ar\/wp-content\/uploads\/2025\/06\/ABRIGANDO-SUENOS-1-150x150.jpg",150,150,true],"medium":["https:\/\/magazineweb.com.ar\/wp-content\/uploads\/2025\/06\/ABRIGANDO-SUENOS-1-240x300.jpg",240,300,true],"large":["https:\/\/magazineweb.com.ar\/wp-content\/uploads\/2025\/06\/ABRIGANDO-SUENOS-1-819x1024.jpg",819,1024,true],"1536x1536":["https:\/\/magazineweb.com.ar\/wp-content\/uploads\/2025\/06\/ABRIGANDO-SUENOS-1-1228x1536.jpg",1228,1536,true],"2048x2048":["https:\/\/magazineweb.com.ar\/wp-content\/uploads\/2025\/06\/ABRIGANDO-SUENOS-1.jpg",1279,1600,false],"ultp_layout_landscape_large":["https:\/\/magazineweb.com.ar\/wp-content\/uploads\/2025\/06\/ABRIGANDO-SUENOS-1-1200x800.jpg",1200,800,true],"ultp_layout_landscape":["https:\/\/magazineweb.com.ar\/wp-content\/uploads\/2025\/06\/ABRIGANDO-SUENOS-1-870x570.jpg",870,570,true],"ultp_layout_portrait":["https:\/\/magazineweb.com.ar\/wp-content\/uploads\/2025\/06\/ABRIGANDO-SUENOS-1-600x900.jpg",600,900,true],"ultp_layout_square":["https:\/\/magazineweb.com.ar\/wp-content\/uploads\/2025\/06\/ABRIGANDO-SUENOS-1-600x600.jpg",600,600,true]},"rttpg_author":{"display_name":"Redacci\u00f3n Magazine Web","author_link":"https:\/\/magazineweb.com.ar\/?author=3"},"rttpg_comment":0,"rttpg_category":"<a href=\"https:\/\/magazineweb.com.ar\/?cat=4\" rel=\"category\">Destacados<\/a> <a href=\"https:\/\/magazineweb.com.ar\/?cat=9\" rel=\"category\">Informaci\u00f3n General<\/a>","rttpg_excerpt":"La Municipalidad de Berazategui lanza una nueva edici\u00f3n de Abrigando Sue\u00f1os, una campa\u00f1a solidaria impulsada por el intendente Juan Jos\u00e9 Mussi con el fin de reunir ropa de abrigo, frazadas,&hellip;","_links":{"self":[{"href":"https:\/\/magazineweb.com.ar\/index.php?rest_route=\/wp\/v2\/posts\/9261","targetHints":{"allow":["GET"]}}],"collection":[{"href":"https:\/\/magazineweb.com.ar\/index.php?rest_route=\/wp\/v2\/posts"}],"about":[{"href":"https:\/\/magazineweb.com.ar\/index.php?rest_route=\/wp\/v2\/types\/post"}],"author":[{"embeddable":true,"href":"https:\/\/magazineweb.com.ar\/index.php?rest_route=\/wp\/v2\/users\/3"}],"replies":[{"embeddable":true,"href":"https:\/\/magazineweb.com.ar\/index.php?rest_route=%2Fwp%2Fv2%2Fcomments&post=9261"}],"version-history":[{"count":1,"href":"https:\/\/magazineweb.com.ar\/index.php?rest_route=\/wp\/v2\/posts\/9261\/revisions"}],"predecessor-version":[{"id":9263,"href":"https:\/\/magazineweb.com.ar\/index.php?rest_route=\/wp\/v2\/posts\/9261\/revisions\/9263"}],"wp:featuredmedia":[{"embeddable":true,"href":"https:\/\/magazineweb.com.ar\/index.php?rest_route=\/wp\/v2\/media\/9262"}],"wp:attachment":[{"href":"https:\/\/magazineweb.com.ar\/index.php?rest_route=%2Fwp%2Fv2%2Fmedia&parent=9261"}],"wp:term":[{"taxonomy":"category","embeddable":true,"href":"https:\/\/magazineweb.com.ar\/index.php?rest_route=%2Fwp%2Fv2%2Fcategories&post=9261"},{"taxonomy":"post_tag","embeddable":true,"href":"https:\/\/magazineweb.com.ar\/index.php?rest_route=%2Fwp%2Fv2%2Ftags&post=9261"}],"curies":[{"name":"wp","href":"https:\/\/api.w.org\/{rel}","templated":true}]}}