{"id":9282,"date":"2025-06-09T01:06:00","date_gmt":"2025-06-09T04:06:00","guid":{"rendered":"https:\/\/magazineweb.com.ar\/?p=9282"},"modified":"2025-06-07T22:17:55","modified_gmt":"2025-06-08T01:17:55","slug":"se-desarrollo-en-quilmes-el-vo-encuentro-de-mediadores-comunitarios-de-la-provincia-de-buenos-aires","status":"publish","type":"post","link":"https:\/\/magazineweb.com.ar\/?p=9282","title":{"rendered":"Se desarroll\u00f3 en Quilmes el V\u00ba Encuentro de Mediadores Comunitarios de la Provincia de Buenos Aires"},"content":{"rendered":"\n<p>El Municipio de Quilmes informa que el viernes se llev\u00f3 adelante el V\u00ba Encuentro de Mediadores Comunitarios de la Provincia de Buenos Aires, en reconocimiento a su rol destacado en el trabajo comunal que se realiza a diario. La actividad se realiz\u00f3 en la Universidad Nacional de Quilmes, ubicada en Roque S\u00e1enz Pe\u00f1a 352, de Bernal, y fue organizada por la Defensor\u00eda del Pueblo de la provincia de Buenos Aires.<\/p>\n\n\n\n<p>Durante la jornada se desarrollaron talleres y conversatorios dirigidos a funcionarios y mediadores, con la participaci\u00f3n de la titular del \u00e1rea de Gesti\u00f3n de Conflictos y de Atenci\u00f3n Primaria de Inquilinos de la Defensor\u00eda del Pueblo de la Provincia de Buenos Aires, Dolores Ayerdi, y la directora de Acceso a la Justicia y Defensa de Usuarios y Consumidores del Municipio de Quilmes, Dra. Melisa De La O, adem\u00e1s de equipos especializados en mediaci\u00f3n comunitaria, abordando los desaf\u00edos actuales del rol del mediador y la mediadora en diversos contextos sociales.<\/p>\n\n\n\n<p>Luego de ser parte del panel que present\u00f3 la actividad, Ayerdi destac\u00f3 el trabajo en conjunto con la Comuna: \u201cAc\u00e1 en Quilmes tenemos la articulaci\u00f3n entre nuestra delegaci\u00f3n territorial con el Municipio, por intermedio del \u00e1rea de Acceso a la Justicia, que tiene tambi\u00e9n un dispositivo de mediaci\u00f3n comunitaria. As\u00ed que la tarea conjunta es permanente en lo que es la gesti\u00f3n de la conflictividad comunitaria\u201d.<\/p>\n\n\n\n<p>Por su parte, Melisa de la O, explic\u00f3: \u201cEs importante para nosotros la participaci\u00f3n en esta actividad porque desempe\u00f1amos un rol protag\u00f3nico en el trabajo comunitario desde las mediaciones comunitarias que recibimos de los vecinos y vecinas de Quilmes, que tienen un espacio disponible para poder evacuar sus consultas, para plantear sus conflictos y la resoluci\u00f3n de los mismos a trav\u00e9s de la mediaci\u00f3n comunitaria, con acceso a un grupo de abogados y abogadas, de forma gratuita y disponible diariamente en el Municipio de Quilmes\u201d.<\/p>\n\n\n\n<p>El encuentro se realiz\u00f3 tambi\u00e9n con el objetivo de destacar las pol\u00edticas p\u00fablicas orientadas a la inclusi\u00f3n y el acceso a derechos para los ciudadanos brindando el servicio de asesor\u00eda jur\u00eddica gratuita que el Municipio de Quilmes pone a disposici\u00f3n de sus vecinos y vecinas, fortaleciendo el acceso a la justicia en el territorio.<\/p>\n\n\n\n<p>Fueron parte de la actividad el coordinador de la Oficina de Gesti\u00f3n de Conflictos en la Defensor\u00eda del Pueblo de la Naci\u00f3n, Alejandro Nat\u00f3; la delegada local de la Defensor\u00eda del Pueblo de la Provincia de Buenos Aires, Eva Torres, el concejal Ezequiel Arauz; la titular del Juzgado de Faltas N\u00ba 4 de Quilmes, Dra. Anabella Galv\u00e1n; el docente e integrante del Centro de Derechos Humanos de la UNQ, Mat\u00edas Penhos, y las defensor\u00edas del Pueblo de m\u00faltiples localidades bonaerenses, as\u00ed como de C\u00f3rdoba y Santa Fe.<\/p>\n","protected":false},"excerpt":{"rendered":"<p>El Municipio de Quilmes informa que el viernes se llev\u00f3 adelante el V\u00ba Encuentro de Mediadores Comunitarios de la Provincia de Buenos Aires, en reconocimiento a su rol destacado en&hellip;<\/p>\n","protected":false},"author":3,"featured_media":9283,"comment_status":"closed","ping_status":"closed","sticky":false,"template":"","format":"standard","meta":{"footnotes":""},"categories":[9],"tags":[],"class_list":["post-9282","post","type-post","status-publish","format-standard","has-post-thumbnail","hentry","category-informacion-general"],"rttpg_featured_image_url":{"full":["https:\/\/magazineweb.com.ar\/wp-content\/uploads\/2025\/06\/unq.jpeg",1280,854,false],"landscape":["https:\/\/magazineweb.com.ar\/wp-content\/uploads\/2025\/06\/unq.jpeg",1280,854,false],"portraits":["https:\/\/magazineweb.com.ar\/wp-content\/uploads\/2025\/06\/unq.jpeg",1280,854,false],"thumbnail":["https:\/\/magazineweb.com.ar\/wp-content\/uploads\/2025\/06\/unq-150x150.jpeg",150,150,true],"medium":["https:\/\/magazineweb.com.ar\/wp-content\/uploads\/2025\/06\/unq-300x200.jpeg",300,200,true],"large":["https:\/\/magazineweb.com.ar\/wp-content\/uploads\/2025\/06\/unq-1024x683.jpeg",1024,683,true],"1536x1536":["https:\/\/magazineweb.com.ar\/wp-content\/uploads\/2025\/06\/unq.jpeg",1280,854,false],"2048x2048":["https:\/\/magazineweb.com.ar\/wp-content\/uploads\/2025\/06\/unq.jpeg",1280,854,false],"ultp_layout_landscape_large":["https:\/\/magazineweb.com.ar\/wp-content\/uploads\/2025\/06\/unq-1200x800.jpeg",1200,800,true],"ultp_layout_landscape":["https:\/\/magazineweb.com.ar\/wp-content\/uploads\/2025\/06\/unq-870x570.jpeg",870,570,true],"ultp_layout_portrait":["https:\/\/magazineweb.com.ar\/wp-content\/uploads\/2025\/06\/unq-600x854.jpeg",600,854,true],"ultp_layout_square":["https:\/\/magazineweb.com.ar\/wp-content\/uploads\/2025\/06\/unq-600x600.jpeg",600,600,true]},"rttpg_author":{"display_name":"Redacci\u00f3n Magazine Web","author_link":"https:\/\/magazineweb.com.ar\/?author=3"},"rttpg_comment":0,"rttpg_category":"<a href=\"https:\/\/magazineweb.com.ar\/?cat=9\" rel=\"category\">Informaci\u00f3n General<\/a>","rttpg_excerpt":"El Municipio de Quilmes informa que el viernes se llev\u00f3 adelante el V\u00ba Encuentro de Mediadores Comunitarios de la Provincia de Buenos Aires, en reconocimiento a su rol destacado en&hellip;","_links":{"self":[{"href":"https:\/\/magazineweb.com.ar\/index.php?rest_route=\/wp\/v2\/posts\/9282","targetHints":{"allow":["GET"]}}],"collection":[{"href":"https:\/\/magazineweb.com.ar\/index.php?rest_route=\/wp\/v2\/posts"}],"about":[{"href":"https:\/\/magazineweb.com.ar\/index.php?rest_route=\/wp\/v2\/types\/post"}],"author":[{"embeddable":true,"href":"https:\/\/magazineweb.com.ar\/index.php?rest_route=\/wp\/v2\/users\/3"}],"replies":[{"embeddable":true,"href":"https:\/\/magazineweb.com.ar\/index.php?rest_route=%2Fwp%2Fv2%2Fcomments&post=9282"}],"version-history":[{"count":1,"href":"https:\/\/magazineweb.com.ar\/index.php?rest_route=\/wp\/v2\/posts\/9282\/revisions"}],"predecessor-version":[{"id":9284,"href":"https:\/\/magazineweb.com.ar\/index.php?rest_route=\/wp\/v2\/posts\/9282\/revisions\/9284"}],"wp:featuredmedia":[{"embeddable":true,"href":"https:\/\/magazineweb.com.ar\/index.php?rest_route=\/wp\/v2\/media\/9283"}],"wp:attachment":[{"href":"https:\/\/magazineweb.com.ar\/index.php?rest_route=%2Fwp%2Fv2%2Fmedia&parent=9282"}],"wp:term":[{"taxonomy":"category","embeddable":true,"href":"https:\/\/magazineweb.com.ar\/index.php?rest_route=%2Fwp%2Fv2%2Fcategories&post=9282"},{"taxonomy":"post_tag","embeddable":true,"href":"https:\/\/magazineweb.com.ar\/index.php?rest_route=%2Fwp%2Fv2%2Ftags&post=9282"}],"curies":[{"name":"wp","href":"https:\/\/api.w.org\/{rel}","templated":true}]}}