{"id":9285,"date":"2025-06-09T01:05:00","date_gmt":"2025-06-09T04:05:00","guid":{"rendered":"https:\/\/magazineweb.com.ar\/?p=9285"},"modified":"2025-06-08T15:11:09","modified_gmt":"2025-06-08T18:11:09","slug":"diputado-bonaerense-reivindico-el-rol-del-periodismo-en-democracia-es-fundamental","status":"publish","type":"post","link":"https:\/\/magazineweb.com.ar\/?p=9285","title":{"rendered":"Diputado bonaerense reivindic\u00f3 el rol del periodismo en democracia: \u00abEs fundamental\u00bb"},"content":{"rendered":"\n<p>Agust\u00edn Romo, presidente del bloque de diputados bonaerenses de La Libertad Avanza (LLA), reivindic\u00f3 la labor period\u00edstica en el marco democr\u00e1tico, destacando su car\u00e1cter \u00abfundamental\u00bb a pesar del auge de las redes sociales como canales de comunicaci\u00f3n pol\u00edtica. El legislador, de 28 a\u00f1os, enfatiz\u00f3 la importancia de los medios tradicionales en una entrevista con el diario La Naci\u00f3n.<\/p>\n\n\n\n<p>\u00abYo le doy un valor al periodismo. Lo consumo muchas horas por d\u00eda y me parece que es fundamental su tarea\u00bb, asegur\u00f3 Romo cuando fue consultado sobre si las redes sociales podr\u00edan desplazar a los medios tradicionales. En ese mismo contexto, a\u00f1adi\u00f3: \u00abPor eso a veces me enojo tanto cuando leo cosas que son mentira\u00bb.<\/p>\n\n\n\n<p>En la misma conversaci\u00f3n, el legislador provincial, oriundo de San Miguel y referente de la agrupaci\u00f3n juvenil Las Fuerzas del Cielo, se\u00f1al\u00f3 que las redes sociales \u00abson una gran herramienta para los periodistas, para los ciudadanos, para los pol\u00edticos, para las empresas. Las redes cambiaron todo\u00bb.<\/p>\n\n\n\n<p>Romo, en su defensa del modelo libertario impulsado por el presidente Javier Milei, sostuvo que la batalla cultural mantiene una relevancia central en la disputa pol\u00edtica. \u00abCristina representa todo lo viejo, el modelo que ya vimos todos, que nos dej\u00f3 con el 50% de pobreza y con una inflaci\u00f3n exorbitante. Nosotros vinimos a representar al argentino que\u2026 se levanta todos los d\u00edas a laburar\u00bb, explic\u00f3 el diputado.<\/p>\n\n\n\n<p>Ante la pregunta sobre la posibilidad de ser candidato a gobernador bonaerense, Romo manifest\u00f3 que \u00abhar\u00e1 lo que el Presidente le indique\u00bb, aunque aclar\u00f3 que su mandato legislativo se extiende hasta 2027. No obstante, opin\u00f3 que quien se enfrente a Cristina Kirchner deber\u00eda ser \u00abuna persona que no venga de la pol\u00edtica, que no tenga pasado pol\u00edtico y que crea fervientemente en el proyecto de Milei. Un outsider\u00bb.<\/p>\n\n\n\n<p>El legislador tambi\u00e9n se refiri\u00f3 a la pol\u00e9mica por la distribuci\u00f3n del ingreso y los cuestionamientos a los niveles salariales. \u00abLas jubilaciones son muy bajas y los sueldos de muchos empleados son bajos. \u00bfEs culpa nuestra? No. Hay que ver c\u00f3mo heredamos el pa\u00eds en el 2023\u00bb, se justific\u00f3. Y agreg\u00f3: \u00abHoy, la inflaci\u00f3n en la Argentina ya no es un problema. La gente cobra el sueldo y sabe que su plata va a seguir valiendo lo mismo el d\u00eda 30 que el d\u00eda 1\u00bb.<\/p>\n\n\n\n<p>Consultado por las cr\u00edticas a la situaci\u00f3n de la salud p\u00fablica y la reacci\u00f3n frente a declaraciones de otros referentes libertarios, Romo defendi\u00f3 la coexistencia del sistema p\u00fablico y privado. \u00abObviamente tiene que existir la salud p\u00fablica en la Rep\u00fablica Argentina. Pero los m\u00e9dicos tienen su consultorio privado y ganan mejor que en el sistema p\u00fablico\u00bb, expres\u00f3.<\/p>\n\n\n\n<p>Romo, quien mantiene un v\u00ednculo fluido con el c\u00edrculo \u00edntimo del Presidente, incluyendo a Karina Milei y Santiago Caputo, tambi\u00e9n destac\u00f3 la figura de Daniel Parisini, conocido como \u00abel Gordo Dan\u00bb, y afirm\u00f3: \u00abComo concepto, el candidato ideal para enfrentar a Cristina tiene que ser un Gordo Dan\u00bb.<\/p>\n\n\n\n<p>Finalmente, al ser interrogado por su preferencia entre Donald Trump y Elon Musk, Romo no dud\u00f3 y eligi\u00f3 a \u00abDonald Trump\u00bb.<\/p>\n","protected":false},"excerpt":{"rendered":"<p>Agust\u00edn Romo, presidente del bloque de diputados bonaerenses de La Libertad Avanza (LLA), reivindic\u00f3 la labor period\u00edstica en el marco democr\u00e1tico, destacando su car\u00e1cter \u00abfundamental\u00bb a pesar del auge de&hellip;<\/p>\n","protected":false},"author":3,"featured_media":9286,"comment_status":"closed","ping_status":"closed","sticky":false,"template":"","format":"standard","meta":{"footnotes":""},"categories":[13,14],"tags":[],"class_list":["post-9285","post","type-post","status-publish","format-standard","has-post-thumbnail","hentry","category-politica","category-provincial"],"rttpg_featured_image_url":{"full":["https:\/\/magazineweb.com.ar\/wp-content\/uploads\/2025\/06\/7206.webp",1124,720,false],"landscape":["https:\/\/magazineweb.com.ar\/wp-content\/uploads\/2025\/06\/7206.webp",1124,720,false],"portraits":["https:\/\/magazineweb.com.ar\/wp-content\/uploads\/2025\/06\/7206.webp",1124,720,false],"thumbnail":["https:\/\/magazineweb.com.ar\/wp-content\/uploads\/2025\/06\/7206-150x150.webp",150,150,true],"medium":["https:\/\/magazineweb.com.ar\/wp-content\/uploads\/2025\/06\/7206-300x192.webp",300,192,true],"large":["https:\/\/magazineweb.com.ar\/wp-content\/uploads\/2025\/06\/7206-1024x656.webp",1024,656,true],"1536x1536":["https:\/\/magazineweb.com.ar\/wp-content\/uploads\/2025\/06\/7206.webp",1124,720,false],"2048x2048":["https:\/\/magazineweb.com.ar\/wp-content\/uploads\/2025\/06\/7206.webp",1124,720,false],"ultp_layout_landscape_large":["https:\/\/magazineweb.com.ar\/wp-content\/uploads\/2025\/06\/7206.webp",1124,720,false],"ultp_layout_landscape":["https:\/\/magazineweb.com.ar\/wp-content\/uploads\/2025\/06\/7206-870x570.webp",870,570,true],"ultp_layout_portrait":["https:\/\/magazineweb.com.ar\/wp-content\/uploads\/2025\/06\/7206-600x720.webp",600,720,true],"ultp_layout_square":["https:\/\/magazineweb.com.ar\/wp-content\/uploads\/2025\/06\/7206-600x600.webp",600,600,true]},"rttpg_author":{"display_name":"Redacci\u00f3n Magazine Web","author_link":"https:\/\/magazineweb.com.ar\/?author=3"},"rttpg_comment":0,"rttpg_category":"<a href=\"https:\/\/magazineweb.com.ar\/?cat=13\" rel=\"category\">Pol\u00edtica<\/a> <a href=\"https:\/\/magazineweb.com.ar\/?cat=14\" rel=\"category\">Provincial<\/a>","rttpg_excerpt":"Agust\u00edn Romo, presidente del bloque de diputados bonaerenses de La Libertad Avanza (LLA), reivindic\u00f3 la labor period\u00edstica en el marco democr\u00e1tico, destacando su car\u00e1cter \u00abfundamental\u00bb a pesar del auge de&hellip;","_links":{"self":[{"href":"https:\/\/magazineweb.com.ar\/index.php?rest_route=\/wp\/v2\/posts\/9285","targetHints":{"allow":["GET"]}}],"collection":[{"href":"https:\/\/magazineweb.com.ar\/index.php?rest_route=\/wp\/v2\/posts"}],"about":[{"href":"https:\/\/magazineweb.com.ar\/index.php?rest_route=\/wp\/v2\/types\/post"}],"author":[{"embeddable":true,"href":"https:\/\/magazineweb.com.ar\/index.php?rest_route=\/wp\/v2\/users\/3"}],"replies":[{"embeddable":true,"href":"https:\/\/magazineweb.com.ar\/index.php?rest_route=%2Fwp%2Fv2%2Fcomments&post=9285"}],"version-history":[{"count":1,"href":"https:\/\/magazineweb.com.ar\/index.php?rest_route=\/wp\/v2\/posts\/9285\/revisions"}],"predecessor-version":[{"id":9287,"href":"https:\/\/magazineweb.com.ar\/index.php?rest_route=\/wp\/v2\/posts\/9285\/revisions\/9287"}],"wp:featuredmedia":[{"embeddable":true,"href":"https:\/\/magazineweb.com.ar\/index.php?rest_route=\/wp\/v2\/media\/9286"}],"wp:attachment":[{"href":"https:\/\/magazineweb.com.ar\/index.php?rest_route=%2Fwp%2Fv2%2Fmedia&parent=9285"}],"wp:term":[{"taxonomy":"category","embeddable":true,"href":"https:\/\/magazineweb.com.ar\/index.php?rest_route=%2Fwp%2Fv2%2Fcategories&post=9285"},{"taxonomy":"post_tag","embeddable":true,"href":"https:\/\/magazineweb.com.ar\/index.php?rest_route=%2Fwp%2Fv2%2Ftags&post=9285"}],"curies":[{"name":"wp","href":"https:\/\/api.w.org\/{rel}","templated":true}]}}