{"id":9298,"date":"2025-06-09T01:00:00","date_gmt":"2025-06-09T04:00:00","guid":{"rendered":"https:\/\/magazineweb.com.ar\/?p=9298"},"modified":"2025-06-08T18:44:16","modified_gmt":"2025-06-08T21:44:16","slug":"tras-recuperar-la-libertad-juan-grabois-lanzo-su-candidatura-presidencial-2027","status":"publish","type":"post","link":"https:\/\/magazineweb.com.ar\/?p=9298","title":{"rendered":"Tras recuperar la libertad, Juan Grabois lanz\u00f3 su candidatura presidencial 2027"},"content":{"rendered":"\n<p>Tras recuperar la libertad luego de haber sido detenido por la toma del Instituto Juan Domingo Per\u00f3n, el dirigente social y referente de Patria Grande, Juan Grabois, sorprendi\u00f3 al lanzar su precandidatura presidencial para 2027 y denunciar las condiciones de trabajo de la Polic\u00eda Federal. \u201cLe agradezco a la ministra Bullrich por permitirme conocer el p\u00e9simo estado en el que trabaja la Polic\u00eda Federal. Es de lo peor que vi en toda mi vida\u201d, afirm\u00f3.<\/p>\n\n\n\n<p>En un encendido discurso tras salir de la Alcaid\u00eda de Madariaga, Grabois critic\u00f3 duramente al gobierno nacional y, en especial, a la ministra de Seguridad. \u201cSe golpean el pecho con la seguridad, pero tienen a todo el personal policial en condiciones inhumanas. Oficinas vetustas, sin calefacci\u00f3n, con ratas. Estoy hablando del personal policial, no de los internos -que ni vi-, porque lo que vi fue suficiente\u201d, sostuvo.<\/p>\n\n\n\n<p>Adem\u00e1s, detall\u00f3: \u201cLas computadoras son del a\u00f1o 1984, no tienen sistema, no tienen recursos. Es realmente indigno. Una de las cosas que voy a cambiar cuando sea presidente es precisamente esto: no se puede sostener un sistema de seguridad con trabajadores abandonados\u201d.<\/p>\n\n\n\n<p>El dirigente, que ya se hab\u00eda manifestado contra la disoluci\u00f3n del Instituto Per\u00f3n y la \u00abcriminalizaci\u00f3n de la protesta\u00bb, redobl\u00f3 su apuesta y se mostr\u00f3 dispuesto a capitalizar su detenci\u00f3n pol\u00edticamente. \u201cEsto fue una gran experiencia. En la universidad, en las villas m\u00e1s duras, en los penales, vi cosas duras. Pero esto fue revelador. Y les digo: no nos sacaron la bandera, y no nos van a parar\u201d, afirm\u00f3.<\/p>\n\n\n\n<p>Desde su espacio, se\u00f1alaron que Grabois buscar\u00e1 \u201crepresentar una alternativa al modelo represivo y de exclusi\u00f3n que impulsa el gobierno de Milei\u201d y prometen recorrer el pa\u00eds para fortalecer una candidatura \u201ccon identidad nacional, justicia social y derechos humanos\u201d.<\/p>\n\n\n\n<p>De este modo, Juan Grabois no solo sali\u00f3 a cuestionar al gobierno tras su breve paso por una celda, sino que transform\u00f3 su detenci\u00f3n en una plataforma para proyectarse electoralmente. \u201cUna vez m\u00e1s, desde abajo y con los de abajo. Nos quieren quebrar, pero cada intento de represi\u00f3n nos fortalece. El 2027 empieza ahora\u201d, concluy\u00f3.<\/p>\n","protected":false},"excerpt":{"rendered":"<p>Tras recuperar la libertad luego de haber sido detenido por la toma del Instituto Juan Domingo Per\u00f3n, el dirigente social y referente de Patria Grande, Juan Grabois, sorprendi\u00f3 al lanzar&hellip;<\/p>\n","protected":false},"author":3,"featured_media":9299,"comment_status":"closed","ping_status":"closed","sticky":false,"template":"","format":"standard","meta":{"footnotes":""},"categories":[4,17,13],"tags":[],"class_list":["post-9298","post","type-post","status-publish","format-standard","has-post-thumbnail","hentry","category-destacados","category-nacional","category-politica"],"rttpg_featured_image_url":{"full":["https:\/\/magazineweb.com.ar\/wp-content\/uploads\/2025\/06\/1749409556634.webp",1121,633,false],"landscape":["https:\/\/magazineweb.com.ar\/wp-content\/uploads\/2025\/06\/1749409556634.webp",1121,633,false],"portraits":["https:\/\/magazineweb.com.ar\/wp-content\/uploads\/2025\/06\/1749409556634.webp",1121,633,false],"thumbnail":["https:\/\/magazineweb.com.ar\/wp-content\/uploads\/2025\/06\/1749409556634-150x150.webp",150,150,true],"medium":["https:\/\/magazineweb.com.ar\/wp-content\/uploads\/2025\/06\/1749409556634-300x169.webp",300,169,true],"large":["https:\/\/magazineweb.com.ar\/wp-content\/uploads\/2025\/06\/1749409556634-1024x578.webp",1024,578,true],"1536x1536":["https:\/\/magazineweb.com.ar\/wp-content\/uploads\/2025\/06\/1749409556634.webp",1121,633,false],"2048x2048":["https:\/\/magazineweb.com.ar\/wp-content\/uploads\/2025\/06\/1749409556634.webp",1121,633,false],"ultp_layout_landscape_large":["https:\/\/magazineweb.com.ar\/wp-content\/uploads\/2025\/06\/1749409556634.webp",1121,633,false],"ultp_layout_landscape":["https:\/\/magazineweb.com.ar\/wp-content\/uploads\/2025\/06\/1749409556634-870x570.webp",870,570,true],"ultp_layout_portrait":["https:\/\/magazineweb.com.ar\/wp-content\/uploads\/2025\/06\/1749409556634-600x633.webp",600,633,true],"ultp_layout_square":["https:\/\/magazineweb.com.ar\/wp-content\/uploads\/2025\/06\/1749409556634-600x600.webp",600,600,true]},"rttpg_author":{"display_name":"Redacci\u00f3n Magazine Web","author_link":"https:\/\/magazineweb.com.ar\/?author=3"},"rttpg_comment":0,"rttpg_category":"<a href=\"https:\/\/magazineweb.com.ar\/?cat=4\" rel=\"category\">Destacados<\/a> <a href=\"https:\/\/magazineweb.com.ar\/?cat=17\" rel=\"category\">Nacional<\/a> <a href=\"https:\/\/magazineweb.com.ar\/?cat=13\" rel=\"category\">Pol\u00edtica<\/a>","rttpg_excerpt":"Tras recuperar la libertad luego de haber sido detenido por la toma del Instituto Juan Domingo Per\u00f3n, el dirigente social y referente de Patria Grande, Juan Grabois, sorprendi\u00f3 al lanzar&hellip;","_links":{"self":[{"href":"https:\/\/magazineweb.com.ar\/index.php?rest_route=\/wp\/v2\/posts\/9298","targetHints":{"allow":["GET"]}}],"collection":[{"href":"https:\/\/magazineweb.com.ar\/index.php?rest_route=\/wp\/v2\/posts"}],"about":[{"href":"https:\/\/magazineweb.com.ar\/index.php?rest_route=\/wp\/v2\/types\/post"}],"author":[{"embeddable":true,"href":"https:\/\/magazineweb.com.ar\/index.php?rest_route=\/wp\/v2\/users\/3"}],"replies":[{"embeddable":true,"href":"https:\/\/magazineweb.com.ar\/index.php?rest_route=%2Fwp%2Fv2%2Fcomments&post=9298"}],"version-history":[{"count":1,"href":"https:\/\/magazineweb.com.ar\/index.php?rest_route=\/wp\/v2\/posts\/9298\/revisions"}],"predecessor-version":[{"id":9300,"href":"https:\/\/magazineweb.com.ar\/index.php?rest_route=\/wp\/v2\/posts\/9298\/revisions\/9300"}],"wp:featuredmedia":[{"embeddable":true,"href":"https:\/\/magazineweb.com.ar\/index.php?rest_route=\/wp\/v2\/media\/9299"}],"wp:attachment":[{"href":"https:\/\/magazineweb.com.ar\/index.php?rest_route=%2Fwp%2Fv2%2Fmedia&parent=9298"}],"wp:term":[{"taxonomy":"category","embeddable":true,"href":"https:\/\/magazineweb.com.ar\/index.php?rest_route=%2Fwp%2Fv2%2Fcategories&post=9298"},{"taxonomy":"post_tag","embeddable":true,"href":"https:\/\/magazineweb.com.ar\/index.php?rest_route=%2Fwp%2Fv2%2Ftags&post=9298"}],"curies":[{"name":"wp","href":"https:\/\/api.w.org\/{rel}","templated":true}]}}