{"id":9350,"date":"2025-06-30T01:05:30","date_gmt":"2025-06-30T04:05:30","guid":{"rendered":"https:\/\/magazineweb.com.ar\/?p=9350"},"modified":"2025-06-29T01:14:18","modified_gmt":"2025-06-29T04:14:18","slug":"kicillof-cruzo-a-milei-tras-el-ataque-del-presidente-el-que-grita-es-porque-no-tiene-razon","status":"publish","type":"post","link":"https:\/\/magazineweb.com.ar\/?p=9350","title":{"rendered":"Kicillof cruz\u00f3 a Milei tras el ataque del Presidente: \u00abEl que grita es porque no tiene raz\u00f3n\u00bb"},"content":{"rendered":"\n<p>Luego de que el presidente Javier Milei lo llamara \u201cpich\u00f3n de (I\u00f3sif) Stalin\u201d, Axel Kicillof respondi\u00f3 al ataque del mandatario nacional: \u201cEl que grita e insulta es porque no tiene raz\u00f3n\u201d, sentenci\u00f3 el gobernador bonaerense, en medio de un nuevo cruce con Casa Rosada.<\/p>\n\n\n\n<p>\u00abEl que grita e insulta es porque no tiene raz\u00f3n, sino podr\u00eda venir a explicarlo tranquilamente que uno lo escucha\u201d, sostuvo Kicillof al encabezar un acto en la ciudad de San Cayetano, donde entreg\u00f3 patrulleros para reforzar la prevenci\u00f3n del delito.<\/p>\n\n\n\n<p>En esa l\u00ednea, el gobernador bonaerense advirti\u00f3 que en PBA tienen \u201cbastante cuidado\u201d con los \u201ctopos\u201d y la \u201cmotosierra\u201d, mientras que llam\u00f3 a \u201creflexionar con tranquilidad, como somos ac\u00e1 en la Provincia, no necesitamos maltratar ni insultar a nadie, pero s\u00ed decir muy bien lo que pensamos\u00bb, puntualiz\u00f3 Kicillof.<\/p>\n\n\n\n<p>Milei hab\u00eda alertado ayer que la provincia de Buenos Aires vive \u201cun p\u00e9simo presente\u201d a ra\u00edz de la gesti\u00f3n de Kicillof, a quien tild\u00f3 de \u201cpich\u00f3n de (I\u00f3sif) Stalin\u201d, y llam\u00f3 a votar a La Libertad Avanza (LLA) en las elecciones de ese distrito fijadas para el 7 de septiembre.<\/p>\n\n\n\n<p>Lo hizo al dar el discurso de cierre del congreso de LLA de la provincia de Buenos Aires, que se realiz\u00f3 en la localidad platense de Gonnet, con exposiciones de varios ministros del Gabinete nacional.<\/p>\n","protected":false},"excerpt":{"rendered":"<p>Luego de que el presidente Javier Milei lo llamara \u201cpich\u00f3n de (I\u00f3sif) Stalin\u201d, Axel Kicillof respondi\u00f3 al ataque del mandatario nacional: \u201cEl que grita e insulta es porque no tiene&hellip;<\/p>\n","protected":false},"author":3,"featured_media":9351,"comment_status":"closed","ping_status":"closed","sticky":false,"template":"","format":"standard","meta":{"footnotes":""},"categories":[13,14],"tags":[],"class_list":["post-9350","post","type-post","status-publish","format-standard","has-post-thumbnail","hentry","category-politica","category-provincial"],"rttpg_featured_image_url":{"full":["https:\/\/magazineweb.com.ar\/wp-content\/uploads\/2025\/06\/720-kk.webp",1080,720,false],"landscape":["https:\/\/magazineweb.com.ar\/wp-content\/uploads\/2025\/06\/720-kk.webp",1080,720,false],"portraits":["https:\/\/magazineweb.com.ar\/wp-content\/uploads\/2025\/06\/720-kk.webp",1080,720,false],"thumbnail":["https:\/\/magazineweb.com.ar\/wp-content\/uploads\/2025\/06\/720-kk-150x150.webp",150,150,true],"medium":["https:\/\/magazineweb.com.ar\/wp-content\/uploads\/2025\/06\/720-kk-300x200.webp",300,200,true],"large":["https:\/\/magazineweb.com.ar\/wp-content\/uploads\/2025\/06\/720-kk-1024x683.webp",1024,683,true],"1536x1536":["https:\/\/magazineweb.com.ar\/wp-content\/uploads\/2025\/06\/720-kk.webp",1080,720,false],"2048x2048":["https:\/\/magazineweb.com.ar\/wp-content\/uploads\/2025\/06\/720-kk.webp",1080,720,false],"ultp_layout_landscape_large":["https:\/\/magazineweb.com.ar\/wp-content\/uploads\/2025\/06\/720-kk.webp",1080,720,false],"ultp_layout_landscape":["https:\/\/magazineweb.com.ar\/wp-content\/uploads\/2025\/06\/720-kk-870x570.webp",870,570,true],"ultp_layout_portrait":["https:\/\/magazineweb.com.ar\/wp-content\/uploads\/2025\/06\/720-kk-600x720.webp",600,720,true],"ultp_layout_square":["https:\/\/magazineweb.com.ar\/wp-content\/uploads\/2025\/06\/720-kk-600x600.webp",600,600,true]},"rttpg_author":{"display_name":"Redacci\u00f3n Magazine Web","author_link":"https:\/\/magazineweb.com.ar\/?author=3"},"rttpg_comment":0,"rttpg_category":"<a href=\"https:\/\/magazineweb.com.ar\/?cat=13\" rel=\"category\">Pol\u00edtica<\/a> <a href=\"https:\/\/magazineweb.com.ar\/?cat=14\" rel=\"category\">Provincial<\/a>","rttpg_excerpt":"Luego de que el presidente Javier Milei lo llamara \u201cpich\u00f3n de (I\u00f3sif) Stalin\u201d, Axel Kicillof respondi\u00f3 al ataque del mandatario nacional: \u201cEl que grita e insulta es porque no tiene&hellip;","_links":{"self":[{"href":"https:\/\/magazineweb.com.ar\/index.php?rest_route=\/wp\/v2\/posts\/9350","targetHints":{"allow":["GET"]}}],"collection":[{"href":"https:\/\/magazineweb.com.ar\/index.php?rest_route=\/wp\/v2\/posts"}],"about":[{"href":"https:\/\/magazineweb.com.ar\/index.php?rest_route=\/wp\/v2\/types\/post"}],"author":[{"embeddable":true,"href":"https:\/\/magazineweb.com.ar\/index.php?rest_route=\/wp\/v2\/users\/3"}],"replies":[{"embeddable":true,"href":"https:\/\/magazineweb.com.ar\/index.php?rest_route=%2Fwp%2Fv2%2Fcomments&post=9350"}],"version-history":[{"count":1,"href":"https:\/\/magazineweb.com.ar\/index.php?rest_route=\/wp\/v2\/posts\/9350\/revisions"}],"predecessor-version":[{"id":9352,"href":"https:\/\/magazineweb.com.ar\/index.php?rest_route=\/wp\/v2\/posts\/9350\/revisions\/9352"}],"wp:featuredmedia":[{"embeddable":true,"href":"https:\/\/magazineweb.com.ar\/index.php?rest_route=\/wp\/v2\/media\/9351"}],"wp:attachment":[{"href":"https:\/\/magazineweb.com.ar\/index.php?rest_route=%2Fwp%2Fv2%2Fmedia&parent=9350"}],"wp:term":[{"taxonomy":"category","embeddable":true,"href":"https:\/\/magazineweb.com.ar\/index.php?rest_route=%2Fwp%2Fv2%2Fcategories&post=9350"},{"taxonomy":"post_tag","embeddable":true,"href":"https:\/\/magazineweb.com.ar\/index.php?rest_route=%2Fwp%2Fv2%2Ftags&post=9350"}],"curies":[{"name":"wp","href":"https:\/\/api.w.org\/{rel}","templated":true}]}}