{"id":9356,"date":"2025-06-30T01:06:00","date_gmt":"2025-06-30T04:06:00","guid":{"rendered":"https:\/\/magazineweb.com.ar\/?p=9356"},"modified":"2025-06-29T04:12:56","modified_gmt":"2025-06-29T07:12:56","slug":"continuaron-los-avances-en-la-reconstruccion-vial-de-cariboni","status":"publish","type":"post","link":"https:\/\/magazineweb.com.ar\/?p=9356","title":{"rendered":"Continuaron los avances en la reconstrucci\u00f3n vial de Cariboni"},"content":{"rendered":"\n<p>Mediante la articulaci\u00f3n del Municipio con el gobierno bonaerense, prosigui\u00f3 la reparaci\u00f3n integral de la arteria vehicular transversal a los barrios 5 de Enero, Villa M\u00f3nica Nueva y La Antena.<\/p>\n\n\n\n<p>Las labores, iniciadas en abril, contemplaron el ensanche de la traza, obra hidr\u00e1ulica complementaria, veredas y luminarias LED. Durante la semana, progresaron las tareas de hormigonado sobre Int. Jos\u00e9 Luis Cariboni, en el trayecto de Av. Hudson hasta De la Ancianidad.<\/p>\n\n\n\n<p>Adem\u00e1s, con financiamiento provincial, avanzaron diversas intervenciones para potenciar la infraestructura vial y pluvial del distrito.<\/p>\n\n\n\n<p>Con el objetivo de prevenir anegamientos en Bosques Norte y alrededores, los trabajadores efectuaron moldeado a fin de realizar la armadura de hierros para el techo de la losa del conducto rectangular en Aconquija, entre Ing. Pesado y Cabrera.<\/p>\n\n\n\n<p>Tambi\u00e9n, continu\u00f3 la pavimentaci\u00f3n de la R. P. N\u00ba53 en la intersecci\u00f3n de la v\u00eda central sentido norte &#8211; sur con calle 1505. En el proyecto, previeron la construcci\u00f3n de una segunda calzada m\u00e1s colectora en el tramo de 1323 hacia 1542.<\/p>\n","protected":false},"excerpt":{"rendered":"<p>Mediante la articulaci\u00f3n del Municipio con el gobierno bonaerense, prosigui\u00f3 la reparaci\u00f3n integral de la arteria vehicular transversal a los barrios 5 de Enero, Villa M\u00f3nica Nueva y La Antena.&hellip;<\/p>\n","protected":false},"author":3,"featured_media":9357,"comment_status":"closed","ping_status":"closed","sticky":false,"template":"","format":"standard","meta":{"footnotes":""},"categories":[9],"tags":[],"class_list":["post-9356","post","type-post","status-publish","format-standard","has-post-thumbnail","hentry","category-informacion-general"],"rttpg_featured_image_url":{"full":["https:\/\/magazineweb.com.ar\/wp-content\/uploads\/2025\/06\/ccariboni-scaled.jpeg",2560,1920,false],"landscape":["https:\/\/magazineweb.com.ar\/wp-content\/uploads\/2025\/06\/ccariboni-scaled.jpeg",2560,1920,false],"portraits":["https:\/\/magazineweb.com.ar\/wp-content\/uploads\/2025\/06\/ccariboni-scaled.jpeg",2560,1920,false],"thumbnail":["https:\/\/magazineweb.com.ar\/wp-content\/uploads\/2025\/06\/ccariboni-150x150.jpeg",150,150,true],"medium":["https:\/\/magazineweb.com.ar\/wp-content\/uploads\/2025\/06\/ccariboni-300x225.jpeg",300,225,true],"large":["https:\/\/magazineweb.com.ar\/wp-content\/uploads\/2025\/06\/ccariboni-1024x768.jpeg",1024,768,true],"1536x1536":["https:\/\/magazineweb.com.ar\/wp-content\/uploads\/2025\/06\/ccariboni-1536x1152.jpeg",1536,1152,true],"2048x2048":["https:\/\/magazineweb.com.ar\/wp-content\/uploads\/2025\/06\/ccariboni-2048x1536.jpeg",2048,1536,true],"ultp_layout_landscape_large":["https:\/\/magazineweb.com.ar\/wp-content\/uploads\/2025\/06\/ccariboni-1200x800.jpeg",1200,800,true],"ultp_layout_landscape":["https:\/\/magazineweb.com.ar\/wp-content\/uploads\/2025\/06\/ccariboni-870x570.jpeg",870,570,true],"ultp_layout_portrait":["https:\/\/magazineweb.com.ar\/wp-content\/uploads\/2025\/06\/ccariboni-600x900.jpeg",600,900,true],"ultp_layout_square":["https:\/\/magazineweb.com.ar\/wp-content\/uploads\/2025\/06\/ccariboni-600x600.jpeg",600,600,true]},"rttpg_author":{"display_name":"Redacci\u00f3n Magazine Web","author_link":"https:\/\/magazineweb.com.ar\/?author=3"},"rttpg_comment":0,"rttpg_category":"<a href=\"https:\/\/magazineweb.com.ar\/?cat=9\" rel=\"category\">Informaci\u00f3n General<\/a>","rttpg_excerpt":"Mediante la articulaci\u00f3n del Municipio con el gobierno bonaerense, prosigui\u00f3 la reparaci\u00f3n integral de la arteria vehicular transversal a los barrios 5 de Enero, Villa M\u00f3nica Nueva y La Antena.&hellip;","_links":{"self":[{"href":"https:\/\/magazineweb.com.ar\/index.php?rest_route=\/wp\/v2\/posts\/9356","targetHints":{"allow":["GET"]}}],"collection":[{"href":"https:\/\/magazineweb.com.ar\/index.php?rest_route=\/wp\/v2\/posts"}],"about":[{"href":"https:\/\/magazineweb.com.ar\/index.php?rest_route=\/wp\/v2\/types\/post"}],"author":[{"embeddable":true,"href":"https:\/\/magazineweb.com.ar\/index.php?rest_route=\/wp\/v2\/users\/3"}],"replies":[{"embeddable":true,"href":"https:\/\/magazineweb.com.ar\/index.php?rest_route=%2Fwp%2Fv2%2Fcomments&post=9356"}],"version-history":[{"count":1,"href":"https:\/\/magazineweb.com.ar\/index.php?rest_route=\/wp\/v2\/posts\/9356\/revisions"}],"predecessor-version":[{"id":9358,"href":"https:\/\/magazineweb.com.ar\/index.php?rest_route=\/wp\/v2\/posts\/9356\/revisions\/9358"}],"wp:featuredmedia":[{"embeddable":true,"href":"https:\/\/magazineweb.com.ar\/index.php?rest_route=\/wp\/v2\/media\/9357"}],"wp:attachment":[{"href":"https:\/\/magazineweb.com.ar\/index.php?rest_route=%2Fwp%2Fv2%2Fmedia&parent=9356"}],"wp:term":[{"taxonomy":"category","embeddable":true,"href":"https:\/\/magazineweb.com.ar\/index.php?rest_route=%2Fwp%2Fv2%2Fcategories&post=9356"},{"taxonomy":"post_tag","embeddable":true,"href":"https:\/\/magazineweb.com.ar\/index.php?rest_route=%2Fwp%2Fv2%2Ftags&post=9356"}],"curies":[{"name":"wp","href":"https:\/\/api.w.org\/{rel}","templated":true}]}}