{"id":9390,"date":"2025-06-30T01:07:00","date_gmt":"2025-06-30T04:07:00","guid":{"rendered":"https:\/\/magazineweb.com.ar\/?p=9390"},"modified":"2025-06-29T16:05:10","modified_gmt":"2025-06-29T19:05:10","slug":"mayra-entrego-maquinaria-y-ropa-de-trabajo-para-el-area-de-servicios-publicos","status":"publish","type":"post","link":"https:\/\/magazineweb.com.ar\/?p=9390","title":{"rendered":"Mayra entreg\u00f3 maquinaria y ropa de trabajo para el \u00e1rea de Servicios P\u00fablicos"},"content":{"rendered":"\n<p>La intendenta de Quilmes, Mayra Mendoza, encabez\u00f3 el pasado viernes la entrega de nueva maquinaria y ropa de trabajo para el \u00e1rea de Servicios P\u00fablicos, en un acto desarrollado en la Base Operativa Regi\u00f3n Oeste, ubicada en la avenida San Mart\u00edn 2064, en San Francisco Solano.<\/p>\n\n\n\n<p>\u201cEste momento tiene que ver con cumplir con una obligaci\u00f3n, que es un objetivo de nuestra gesti\u00f3n: recuperar las capacidades del Estado y lograr dignidad en la forma de trabajo que llevamos adelante desde el Municipio para poder brindar un mejor servicio y una mejor atenci\u00f3n a nuestros vecinos\u201d, asegur\u00f3 la Jefa comunal.<\/p>\n\n\n\n<p>Adem\u00e1s, Mayra critic\u00f3 el modelo econ\u00f3mico del Gobierno Nacional, se\u00f1al\u00f3 que genera \u201cdesocupaci\u00f3n, hambre, deuda y especulaci\u00f3n financiera\u201d y advirti\u00f3 que \u201cpara que ese modelo cierre necesitan meter presa o callar a quien levanta la voz, a quien defiende al pueblo argentino, a quien ha demostrado en sus gobiernos trabajar por la dignidad de la gente. Por eso est\u00e1 presa Cristina\u201d.<\/p>\n\n\n\n<p>En el acto, se hizo entrega de dos minipalas cargadoras y una barredora. Adem\u00e1s, 120 trabajadores y trabajadoras de la Regional Oeste y las bases operativas de Solano, La Paz, La Florida y La Matera recibieron la nueva indumentaria. Cada conjunto incluye botines de seguridad, campera, pantal\u00f3n, camisa, remera y buzo.<\/p>\n\n\n\n<p>Al respecto, el secretario de Servicios P\u00fablicos local, Sebasti\u00e1n Garc\u00eda, destac\u00f3: \u201cTodo esto es posible gracias al esfuerzo que hace nuestra Intendenta para que los trabajadores desarrollen sus tareas con dignidad, est\u00e9n c\u00f3modos y tengan materiales de primera calidad. A pesar del dif\u00edcil momento que atraviesa el pa\u00eds, desde la gesti\u00f3n estamos dando respuestas, siempre al lado de los trabajadores y de los vecinos\u201d.<\/p>\n\n\n\n<p>Estuvieron presentes los subsecretarios de Bases Operativas, Nelson Ch\u00e1vez; de Servicios P\u00fablicos, Silvio Sarti; de Articulaci\u00f3n Ciudadana, Diego Campolongo; y de Administraci\u00f3n y Compra, Santiago Reid; el director de la Base Operativa Regi\u00f3n Oeste, Marcelo Garc\u00eda; y los cuatro directores de bases operativas Karina Medina (La Paz), Mat\u00edas Cejas (Solano), Marcela Aguirre (La Matera) y Guillermo Arriola (La Florida).<\/p>\n","protected":false},"excerpt":{"rendered":"<p>La intendenta de Quilmes, Mayra Mendoza, encabez\u00f3 el pasado viernes la entrega de nueva maquinaria y ropa de trabajo para el \u00e1rea de Servicios P\u00fablicos, en un acto desarrollado en&hellip;<\/p>\n","protected":false},"author":3,"featured_media":9391,"comment_status":"closed","ping_status":"closed","sticky":false,"template":"","format":"standard","meta":{"footnotes":""},"categories":[9],"tags":[],"class_list":["post-9390","post","type-post","status-publish","format-standard","has-post-thumbnail","hentry","category-informacion-general"],"rttpg_featured_image_url":{"full":["https:\/\/magazineweb.com.ar\/wp-content\/uploads\/2025\/06\/SERVICIOS-PUBLICOS-3.jpg",853,568,false],"landscape":["https:\/\/magazineweb.com.ar\/wp-content\/uploads\/2025\/06\/SERVICIOS-PUBLICOS-3.jpg",853,568,false],"portraits":["https:\/\/magazineweb.com.ar\/wp-content\/uploads\/2025\/06\/SERVICIOS-PUBLICOS-3.jpg",853,568,false],"thumbnail":["https:\/\/magazineweb.com.ar\/wp-content\/uploads\/2025\/06\/SERVICIOS-PUBLICOS-3-150x150.jpg",150,150,true],"medium":["https:\/\/magazineweb.com.ar\/wp-content\/uploads\/2025\/06\/SERVICIOS-PUBLICOS-3-300x200.jpg",300,200,true],"large":["https:\/\/magazineweb.com.ar\/wp-content\/uploads\/2025\/06\/SERVICIOS-PUBLICOS-3.jpg",853,568,false],"1536x1536":["https:\/\/magazineweb.com.ar\/wp-content\/uploads\/2025\/06\/SERVICIOS-PUBLICOS-3.jpg",853,568,false],"2048x2048":["https:\/\/magazineweb.com.ar\/wp-content\/uploads\/2025\/06\/SERVICIOS-PUBLICOS-3.jpg",853,568,false],"ultp_layout_landscape_large":["https:\/\/magazineweb.com.ar\/wp-content\/uploads\/2025\/06\/SERVICIOS-PUBLICOS-3.jpg",853,568,false],"ultp_layout_landscape":["https:\/\/magazineweb.com.ar\/wp-content\/uploads\/2025\/06\/SERVICIOS-PUBLICOS-3.jpg",853,568,false],"ultp_layout_portrait":["https:\/\/magazineweb.com.ar\/wp-content\/uploads\/2025\/06\/SERVICIOS-PUBLICOS-3-600x568.jpg",600,568,true],"ultp_layout_square":["https:\/\/magazineweb.com.ar\/wp-content\/uploads\/2025\/06\/SERVICIOS-PUBLICOS-3-600x568.jpg",600,568,true]},"rttpg_author":{"display_name":"Redacci\u00f3n Magazine Web","author_link":"https:\/\/magazineweb.com.ar\/?author=3"},"rttpg_comment":0,"rttpg_category":"<a href=\"https:\/\/magazineweb.com.ar\/?cat=9\" rel=\"category\">Informaci\u00f3n General<\/a>","rttpg_excerpt":"La intendenta de Quilmes, Mayra Mendoza, encabez\u00f3 el pasado viernes la entrega de nueva maquinaria y ropa de trabajo para el \u00e1rea de Servicios P\u00fablicos, en un acto desarrollado en&hellip;","_links":{"self":[{"href":"https:\/\/magazineweb.com.ar\/index.php?rest_route=\/wp\/v2\/posts\/9390","targetHints":{"allow":["GET"]}}],"collection":[{"href":"https:\/\/magazineweb.com.ar\/index.php?rest_route=\/wp\/v2\/posts"}],"about":[{"href":"https:\/\/magazineweb.com.ar\/index.php?rest_route=\/wp\/v2\/types\/post"}],"author":[{"embeddable":true,"href":"https:\/\/magazineweb.com.ar\/index.php?rest_route=\/wp\/v2\/users\/3"}],"replies":[{"embeddable":true,"href":"https:\/\/magazineweb.com.ar\/index.php?rest_route=%2Fwp%2Fv2%2Fcomments&post=9390"}],"version-history":[{"count":1,"href":"https:\/\/magazineweb.com.ar\/index.php?rest_route=\/wp\/v2\/posts\/9390\/revisions"}],"predecessor-version":[{"id":9392,"href":"https:\/\/magazineweb.com.ar\/index.php?rest_route=\/wp\/v2\/posts\/9390\/revisions\/9392"}],"wp:featuredmedia":[{"embeddable":true,"href":"https:\/\/magazineweb.com.ar\/index.php?rest_route=\/wp\/v2\/media\/9391"}],"wp:attachment":[{"href":"https:\/\/magazineweb.com.ar\/index.php?rest_route=%2Fwp%2Fv2%2Fmedia&parent=9390"}],"wp:term":[{"taxonomy":"category","embeddable":true,"href":"https:\/\/magazineweb.com.ar\/index.php?rest_route=%2Fwp%2Fv2%2Fcategories&post=9390"},{"taxonomy":"post_tag","embeddable":true,"href":"https:\/\/magazineweb.com.ar\/index.php?rest_route=%2Fwp%2Fv2%2Ftags&post=9390"}],"curies":[{"name":"wp","href":"https:\/\/api.w.org\/{rel}","templated":true}]}}