{"id":9438,"date":"2025-07-09T18:32:48","date_gmt":"2025-07-09T21:32:48","guid":{"rendered":"https:\/\/magazineweb.com.ar\/?p=9438"},"modified":"2025-07-09T18:48:30","modified_gmt":"2025-07-09T21:48:30","slug":"dia-de-la-independencia-de-las-provincias-unidas-del-rio-de-la-plata","status":"publish","type":"post","link":"https:\/\/magazineweb.com.ar\/?p=9438","title":{"rendered":"D\u00eda de la Independencia de las Provincias Unidas del R\u00edo de la Plata"},"content":{"rendered":"\n<p>El\u00a0<strong>D\u00eda de la Independencia de la Rep\u00fablica Argentina<\/strong>\u00a0se celebra el 9 de julio de cada a\u00f1o. Esta fecha se origina en conmemoraci\u00f3n a la firma de la\u00a0Declaraci\u00f3n de Independencia del R\u00edo de La Plata, el martes 9 de julio de 1816, en la casa de\u00a0Francisca Baz\u00e1n de Laguna. En 1941 el edificio fue declarado\u00a0Monumento hist\u00f3rico nacional. La decisi\u00f3n de independizarse fue tomada por el\u00a0Congreso de Tucum\u00e1n, que escogi\u00f3 a la ciudad de\u00a0San Miguel de Tucum\u00e1n\u00a0de las\u00a0Provincias Unidas del R\u00edo de la Plata, el cual proclam\u00f3 la independencia pol\u00edtica del pa\u00eds respecto de la\u00a0Monarqu\u00eda Espa\u00f1ola\u00a0y tambi\u00e9n renunci\u00f3 a toda dominaci\u00f3n extranjera<\/p>\n\n\n\n<figure class=\"wp-block-image size-large\"><img loading=\"lazy\" decoding=\"async\" width=\"1024\" height=\"498\" src=\"https:\/\/magazineweb.com.ar\/wp-content\/uploads\/2025\/07\/20250709_151806-1024x498.jpg\" alt=\"\" class=\"wp-image-9440\" srcset=\"https:\/\/magazineweb.com.ar\/wp-content\/uploads\/2025\/07\/20250709_151806-1024x498.jpg 1024w, https:\/\/magazineweb.com.ar\/wp-content\/uploads\/2025\/07\/20250709_151806-300x146.jpg 300w, https:\/\/magazineweb.com.ar\/wp-content\/uploads\/2025\/07\/20250709_151806-768x373.jpg 768w, https:\/\/magazineweb.com.ar\/wp-content\/uploads\/2025\/07\/20250709_151806-1536x747.jpg 1536w, https:\/\/magazineweb.com.ar\/wp-content\/uploads\/2025\/07\/20250709_151806-2048x996.jpg 2048w\" sizes=\"auto, (max-width: 1024px) 100vw, 1024px\" \/><figcaption class=\"wp-element-caption\">\u00b7Foto: Celebraci\u00f3n en Berazategui 2025 (Magazine Web)<\/figcaption><\/figure>\n\n\n\n<figure class=\"wp-block-image size-large\"><img loading=\"lazy\" decoding=\"async\" width=\"768\" height=\"1024\" src=\"https:\/\/magazineweb.com.ar\/wp-content\/uploads\/2025\/07\/IMG-20250709-WA0025-768x1024.jpg\" alt=\"\" class=\"wp-image-9441\" srcset=\"https:\/\/magazineweb.com.ar\/wp-content\/uploads\/2025\/07\/IMG-20250709-WA0025-768x1024.jpg 768w, https:\/\/magazineweb.com.ar\/wp-content\/uploads\/2025\/07\/IMG-20250709-WA0025-225x300.jpg 225w, https:\/\/magazineweb.com.ar\/wp-content\/uploads\/2025\/07\/IMG-20250709-WA0025-1152x1536.jpg 1152w, https:\/\/magazineweb.com.ar\/wp-content\/uploads\/2025\/07\/IMG-20250709-WA0025.jpg 1200w\" sizes=\"auto, (max-width: 768px) 100vw, 768px\" \/><\/figure>\n\n\n\n<p>Berazategui celebr\u00f3 el d\u00eda de la independencia y nosotros estuvimos ah\u00ed. N\u00fameros musicales,  baile, feria de artesan\u00edas fueron disfrutados tanto por las autoridades del distrito como por sus vecinas y vecinos<\/p>\n\n\n\n<p><\/p>\n","protected":false},"excerpt":{"rendered":"<p>El\u00a0D\u00eda de la Independencia de la Rep\u00fablica Argentina\u00a0se celebra el 9 de julio de cada a\u00f1o. Esta fecha se origina en conmemoraci\u00f3n a la firma de la\u00a0Declaraci\u00f3n de Independencia del&hellip;<\/p>\n","protected":false},"author":2,"featured_media":9446,"comment_status":"closed","ping_status":"closed","sticky":false,"template":"","format":"standard","meta":{"footnotes":""},"categories":[4,8],"tags":[115,285,283,284,118],"class_list":["post-9438","post","type-post","status-publish","format-standard","has-post-thumbnail","hentry","category-destacados","category-hechos-historicos","tag-9-de-julio","tag-casa-de-tucuman","tag-declaracion","tag-dia","tag-independencia"],"rttpg_featured_image_url":{"full":["https:\/\/magazineweb.com.ar\/wp-content\/uploads\/2025\/07\/960px-Argentina._Acta_de_Independencia_Provincias_Unidas_en_Sud-America-2.jpg",960,1229,false],"landscape":["https:\/\/magazineweb.com.ar\/wp-content\/uploads\/2025\/07\/960px-Argentina._Acta_de_Independencia_Provincias_Unidas_en_Sud-America-2.jpg",960,1229,false],"portraits":["https:\/\/magazineweb.com.ar\/wp-content\/uploads\/2025\/07\/960px-Argentina._Acta_de_Independencia_Provincias_Unidas_en_Sud-America-2.jpg",960,1229,false],"thumbnail":["https:\/\/magazineweb.com.ar\/wp-content\/uploads\/2025\/07\/960px-Argentina._Acta_de_Independencia_Provincias_Unidas_en_Sud-America-2-150x150.jpg",150,150,true],"medium":["https:\/\/magazineweb.com.ar\/wp-content\/uploads\/2025\/07\/960px-Argentina._Acta_de_Independencia_Provincias_Unidas_en_Sud-America-2-234x300.jpg",234,300,true],"large":["https:\/\/magazineweb.com.ar\/wp-content\/uploads\/2025\/07\/960px-Argentina._Acta_de_Independencia_Provincias_Unidas_en_Sud-America-2-800x1024.jpg",800,1024,true],"1536x1536":["https:\/\/magazineweb.com.ar\/wp-content\/uploads\/2025\/07\/960px-Argentina._Acta_de_Independencia_Provincias_Unidas_en_Sud-America-2.jpg",960,1229,false],"2048x2048":["https:\/\/magazineweb.com.ar\/wp-content\/uploads\/2025\/07\/960px-Argentina._Acta_de_Independencia_Provincias_Unidas_en_Sud-America-2.jpg",960,1229,false],"ultp_layout_landscape_large":["https:\/\/magazineweb.com.ar\/wp-content\/uploads\/2025\/07\/960px-Argentina._Acta_de_Independencia_Provincias_Unidas_en_Sud-America-2-960x800.jpg",960,800,true],"ultp_layout_landscape":["https:\/\/magazineweb.com.ar\/wp-content\/uploads\/2025\/07\/960px-Argentina._Acta_de_Independencia_Provincias_Unidas_en_Sud-America-2-870x570.jpg",870,570,true],"ultp_layout_portrait":["https:\/\/magazineweb.com.ar\/wp-content\/uploads\/2025\/07\/960px-Argentina._Acta_de_Independencia_Provincias_Unidas_en_Sud-America-2-600x900.jpg",600,900,true],"ultp_layout_square":["https:\/\/magazineweb.com.ar\/wp-content\/uploads\/2025\/07\/960px-Argentina._Acta_de_Independencia_Provincias_Unidas_en_Sud-America-2-600x600.jpg",600,600,true]},"rttpg_author":{"display_name":"Roxana Reinoso","author_link":"https:\/\/magazineweb.com.ar\/?author=2"},"rttpg_comment":0,"rttpg_category":"<a href=\"https:\/\/magazineweb.com.ar\/?cat=4\" rel=\"category\">Destacados<\/a> <a href=\"https:\/\/magazineweb.com.ar\/?cat=8\" rel=\"category\">Hechos Hist\u00f3ricos<\/a>","rttpg_excerpt":"El\u00a0D\u00eda de la Independencia de la Rep\u00fablica Argentina\u00a0se celebra el 9 de julio de cada a\u00f1o. Esta fecha se origina en conmemoraci\u00f3n a la firma de la\u00a0Declaraci\u00f3n de Independencia del&hellip;","_links":{"self":[{"href":"https:\/\/magazineweb.com.ar\/index.php?rest_route=\/wp\/v2\/posts\/9438","targetHints":{"allow":["GET"]}}],"collection":[{"href":"https:\/\/magazineweb.com.ar\/index.php?rest_route=\/wp\/v2\/posts"}],"about":[{"href":"https:\/\/magazineweb.com.ar\/index.php?rest_route=\/wp\/v2\/types\/post"}],"author":[{"embeddable":true,"href":"https:\/\/magazineweb.com.ar\/index.php?rest_route=\/wp\/v2\/users\/2"}],"replies":[{"embeddable":true,"href":"https:\/\/magazineweb.com.ar\/index.php?rest_route=%2Fwp%2Fv2%2Fcomments&post=9438"}],"version-history":[{"count":1,"href":"https:\/\/magazineweb.com.ar\/index.php?rest_route=\/wp\/v2\/posts\/9438\/revisions"}],"predecessor-version":[{"id":9442,"href":"https:\/\/magazineweb.com.ar\/index.php?rest_route=\/wp\/v2\/posts\/9438\/revisions\/9442"}],"wp:featuredmedia":[{"embeddable":true,"href":"https:\/\/magazineweb.com.ar\/index.php?rest_route=\/wp\/v2\/media\/9446"}],"wp:attachment":[{"href":"https:\/\/magazineweb.com.ar\/index.php?rest_route=%2Fwp%2Fv2%2Fmedia&parent=9438"}],"wp:term":[{"taxonomy":"category","embeddable":true,"href":"https:\/\/magazineweb.com.ar\/index.php?rest_route=%2Fwp%2Fv2%2Fcategories&post=9438"},{"taxonomy":"post_tag","embeddable":true,"href":"https:\/\/magazineweb.com.ar\/index.php?rest_route=%2Fwp%2Fv2%2Ftags&post=9438"}],"curies":[{"name":"wp","href":"https:\/\/api.w.org\/{rel}","templated":true}]}}