{"id":9591,"date":"2025-08-30T23:03:00","date_gmt":"2025-08-31T02:03:00","guid":{"rendered":"https:\/\/magazineweb.com.ar\/?p=9591"},"modified":"2025-09-01T15:16:00","modified_gmt":"2025-09-01T18:16:00","slug":"sabores-bonaerenses-es-mucho-mas-que-una-feria-es-una-decision-de-acompanar-a-los-productores-de-toda-la-provincia","status":"publish","type":"post","link":"https:\/\/magazineweb.com.ar\/?p=9591","title":{"rendered":"\u201cSabores Bonaerenses es mucho m\u00e1s que una feria: es una decisi\u00f3n de acompa\u00f1ar a los productores de toda la provincia\u201d"},"content":{"rendered":"\n<p>As\u00ed lo afirm\u00f3 el ministro de Desarrollo Agrario, Javier Rodr\u00edguez, al encabezar la recorrida de la Posta de Sabores en Berazategui, un encuentro que combin\u00f3 espect\u00e1culos en vivo, cocina abierta y degustaciones con el sello de la producci\u00f3n bonaerense.<\/p>\n\n\n\n<figure class=\"wp-block-image size-large\"><img loading=\"lazy\" decoding=\"async\" width=\"1024\" height=\"681\" src=\"https:\/\/magazineweb.com.ar\/wp-content\/uploads\/2025\/09\/WhatsApp-Image-2025-08-30-at-19.50.39-1024x681.jpeg\" alt=\"\" class=\"wp-image-9593\" srcset=\"https:\/\/magazineweb.com.ar\/wp-content\/uploads\/2025\/09\/WhatsApp-Image-2025-08-30-at-19.50.39-1024x681.jpeg 1024w, https:\/\/magazineweb.com.ar\/wp-content\/uploads\/2025\/09\/WhatsApp-Image-2025-08-30-at-19.50.39-300x200.jpeg 300w, https:\/\/magazineweb.com.ar\/wp-content\/uploads\/2025\/09\/WhatsApp-Image-2025-08-30-at-19.50.39-768x511.jpeg 768w, https:\/\/magazineweb.com.ar\/wp-content\/uploads\/2025\/09\/WhatsApp-Image-2025-08-30-at-19.50.39.jpeg 1512w\" sizes=\"auto, (max-width: 1024px) 100vw, 1024px\" \/><\/figure>\n\n\n\n<p>El s\u00e1bado 30 de agosto, el Centro Municipal de Actividades Roberto de Vicenzo de Berazategui fue sede de la 7\u00aa edici\u00f3n de Sabores Bonaerenses, en su formato de Posta de Sabores, que se desarroll\u00f3 en forma simult\u00e1nea con la tradicional Expo Bera.<\/p>\n\n\n\n<p>En esta oportunidad, participaron m\u00e1s de 50 productores de alimentos, de los cuales 10 pertenecen a Berazategui y el resto a municipios de la regi\u00f3n. Adem\u00e1s, la feria cont\u00f3 con la presencia de artesanos locales que tambi\u00e9n tuvieron su espacio para mostrar y comercializar sus creaciones.<\/p>\n\n\n\n<figure class=\"wp-block-image size-large\"><img loading=\"lazy\" decoding=\"async\" width=\"1024\" height=\"681\" src=\"https:\/\/magazineweb.com.ar\/wp-content\/uploads\/2025\/09\/WhatsApp-Image-2025-08-30-at-19.50.33-1024x681.jpeg\" alt=\"\" class=\"wp-image-9594\" srcset=\"https:\/\/magazineweb.com.ar\/wp-content\/uploads\/2025\/09\/WhatsApp-Image-2025-08-30-at-19.50.33-1024x681.jpeg 1024w, https:\/\/magazineweb.com.ar\/wp-content\/uploads\/2025\/09\/WhatsApp-Image-2025-08-30-at-19.50.33-300x200.jpeg 300w, https:\/\/magazineweb.com.ar\/wp-content\/uploads\/2025\/09\/WhatsApp-Image-2025-08-30-at-19.50.33-768x511.jpeg 768w, https:\/\/magazineweb.com.ar\/wp-content\/uploads\/2025\/09\/WhatsApp-Image-2025-08-30-at-19.50.33.jpeg 1512w\" sizes=\"auto, (max-width: 1024px) 100vw, 1024px\" \/><\/figure>\n\n\n\n<p>El ministro Rodr\u00edguez resalt\u00f3 la importancia del evento al afirmar: \u201cSabores Bonaerenses es mucho m\u00e1s que una feria: es una decisi\u00f3n de acompa\u00f1ar a las productoras y los productores de toda la provincia, generando un espacio donde puedan mostrar su trabajo, comercializar de manera directa y garantizar alimentos de calidad a precios justos para las familias. Al mismo tiempo, esta iniciativa refleja la enorme diversidad gastron\u00f3mica bonaerense y fortalece nuestras econom\u00edas regionales, que son parte esencial de la identidad productiva de la Provincia\u201d.<\/p>\n\n\n\n<figure class=\"wp-block-image size-large\"><img loading=\"lazy\" decoding=\"async\" width=\"1024\" height=\"681\" src=\"https:\/\/magazineweb.com.ar\/wp-content\/uploads\/2025\/09\/WhatsApp-Image-2025-08-30-at-19.50.38-1024x681.jpeg\" alt=\"\" class=\"wp-image-9595\" srcset=\"https:\/\/magazineweb.com.ar\/wp-content\/uploads\/2025\/09\/WhatsApp-Image-2025-08-30-at-19.50.38-1024x681.jpeg 1024w, https:\/\/magazineweb.com.ar\/wp-content\/uploads\/2025\/09\/WhatsApp-Image-2025-08-30-at-19.50.38-300x200.jpeg 300w, https:\/\/magazineweb.com.ar\/wp-content\/uploads\/2025\/09\/WhatsApp-Image-2025-08-30-at-19.50.38-768x511.jpeg 768w, https:\/\/magazineweb.com.ar\/wp-content\/uploads\/2025\/09\/WhatsApp-Image-2025-08-30-at-19.50.38.jpeg 1512w\" sizes=\"auto, (max-width: 1024px) 100vw, 1024px\" \/><\/figure>\n\n\n\n<p>La jornada cont\u00f3 con una programaci\u00f3n variada que incluy\u00f3 la presentaci\u00f3n del Ballet Folcl\u00f3rico \u201cAbriendo Tranqueras\u201d, espect\u00e1culos de cocina en vivo a cargo de Facu Pomponio (MICHELE Pizza e Amore), Mica y Lucio (Delta Culsiniere) y Nancy Gon (Mam\u00e1 Mellis Cocina), adem\u00e1s de un cierre musical con Lobito Corpacci. Tambi\u00e9n hubo un espacio l\u00fadico para ni\u00f1os y ni\u00f1as, degustaciones y la transmisi\u00f3n del programa Somos Bonaerenses, consolidando la feria como un punto de encuentro entre producci\u00f3n, cultura y comunidad.<\/p>\n\n\n\n<figure class=\"wp-block-image size-large\"><img loading=\"lazy\" decoding=\"async\" width=\"1024\" height=\"681\" src=\"https:\/\/magazineweb.com.ar\/wp-content\/uploads\/2025\/09\/WhatsApp-Image-2025-08-30-at-19.50.34-1024x681.jpeg\" alt=\"\" class=\"wp-image-9596\" srcset=\"https:\/\/magazineweb.com.ar\/wp-content\/uploads\/2025\/09\/WhatsApp-Image-2025-08-30-at-19.50.34-1024x681.jpeg 1024w, https:\/\/magazineweb.com.ar\/wp-content\/uploads\/2025\/09\/WhatsApp-Image-2025-08-30-at-19.50.34-300x200.jpeg 300w, https:\/\/magazineweb.com.ar\/wp-content\/uploads\/2025\/09\/WhatsApp-Image-2025-08-30-at-19.50.34-768x511.jpeg 768w, https:\/\/magazineweb.com.ar\/wp-content\/uploads\/2025\/09\/WhatsApp-Image-2025-08-30-at-19.50.34.jpeg 1512w\" sizes=\"auto, (max-width: 1024px) 100vw, 1024px\" \/><\/figure>\n\n\n\n<p>Un evento en franco crecimiento<\/p>\n\n\n\n<p>Sabores Bonaerenses se desarrolla desde 2023 y, en sus primeras ediciones, convoc\u00f3 a m\u00e1s de 150 productores en cada encuentro. En diciembre de 2024, se llev\u00f3 a cabo la 5\u00aa edici\u00f3n en La Plata, con gran convocatoria. Posteriormente, la 6\u00aa edici\u00f3n en Chascom\u00fas, realizada el 15 y 16 de agosto de 2025 en la Estaci\u00f3n Hidrobiol\u00f3gica, reuni\u00f3 a m\u00e1s de 110 productores de 50 municipios.<\/p>\n\n\n\n<p>En total, casi mil productores ya formaron parte de Sabores Bonaerenses y m\u00e1s de 150 mil personas visitaron la feria en sus distintas ediciones.<\/p>\n","protected":false},"excerpt":{"rendered":"<p>As\u00ed lo afirm\u00f3 el ministro de Desarrollo Agrario, Javier Rodr\u00edguez, al encabezar la recorrida de la Posta de Sabores en Berazategui, un encuentro que combin\u00f3 espect\u00e1culos en vivo, cocina abierta&hellip;<\/p>\n","protected":false},"author":2,"featured_media":9592,"comment_status":"closed","ping_status":"closed","sticky":false,"template":"","format":"standard","meta":{"footnotes":""},"categories":[4,9],"tags":[380,149,378,379,377,303,45,150,376],"class_list":["post-9591","post","type-post","status-publish","format-standard","has-post-thumbnail","hentry","category-destacados","category-informacion-general","tag-jose-rodriguez","tag-bonaerense","tag-buenos-aires","tag-desarrollo-agrario","tag-feria","tag-jornada","tag-ministro","tag-provincia","tag-sabores"],"rttpg_featured_image_url":{"full":["https:\/\/magazineweb.com.ar\/wp-content\/uploads\/2025\/09\/WhatsApp-Image-2025-08-30-at-19.50.31.jpeg",1512,1006,false],"landscape":["https:\/\/magazineweb.com.ar\/wp-content\/uploads\/2025\/09\/WhatsApp-Image-2025-08-30-at-19.50.31.jpeg",1512,1006,false],"portraits":["https:\/\/magazineweb.com.ar\/wp-content\/uploads\/2025\/09\/WhatsApp-Image-2025-08-30-at-19.50.31.jpeg",1512,1006,false],"thumbnail":["https:\/\/magazineweb.com.ar\/wp-content\/uploads\/2025\/09\/WhatsApp-Image-2025-08-30-at-19.50.31-150x150.jpeg",150,150,true],"medium":["https:\/\/magazineweb.com.ar\/wp-content\/uploads\/2025\/09\/WhatsApp-Image-2025-08-30-at-19.50.31-300x200.jpeg",300,200,true],"large":["https:\/\/magazineweb.com.ar\/wp-content\/uploads\/2025\/09\/WhatsApp-Image-2025-08-30-at-19.50.31-1024x681.jpeg",1024,681,true],"1536x1536":["https:\/\/magazineweb.com.ar\/wp-content\/uploads\/2025\/09\/WhatsApp-Image-2025-08-30-at-19.50.31.jpeg",1512,1006,false],"2048x2048":["https:\/\/magazineweb.com.ar\/wp-content\/uploads\/2025\/09\/WhatsApp-Image-2025-08-30-at-19.50.31.jpeg",1512,1006,false],"ultp_layout_landscape_large":["https:\/\/magazineweb.com.ar\/wp-content\/uploads\/2025\/09\/WhatsApp-Image-2025-08-30-at-19.50.31-1200x800.jpeg",1200,800,true],"ultp_layout_landscape":["https:\/\/magazineweb.com.ar\/wp-content\/uploads\/2025\/09\/WhatsApp-Image-2025-08-30-at-19.50.31-870x570.jpeg",870,570,true],"ultp_layout_portrait":["https:\/\/magazineweb.com.ar\/wp-content\/uploads\/2025\/09\/WhatsApp-Image-2025-08-30-at-19.50.31-600x900.jpeg",600,900,true],"ultp_layout_square":["https:\/\/magazineweb.com.ar\/wp-content\/uploads\/2025\/09\/WhatsApp-Image-2025-08-30-at-19.50.31-600x600.jpeg",600,600,true]},"rttpg_author":{"display_name":"Roxana Reinoso","author_link":"https:\/\/magazineweb.com.ar\/?author=2"},"rttpg_comment":0,"rttpg_category":"<a href=\"https:\/\/magazineweb.com.ar\/?cat=4\" rel=\"category\">Destacados<\/a> <a href=\"https:\/\/magazineweb.com.ar\/?cat=9\" rel=\"category\">Informaci\u00f3n General<\/a>","rttpg_excerpt":"As\u00ed lo afirm\u00f3 el ministro de Desarrollo Agrario, Javier Rodr\u00edguez, al encabezar la recorrida de la Posta de Sabores en Berazategui, un encuentro que combin\u00f3 espect\u00e1culos en vivo, cocina abierta&hellip;","_links":{"self":[{"href":"https:\/\/magazineweb.com.ar\/index.php?rest_route=\/wp\/v2\/posts\/9591","targetHints":{"allow":["GET"]}}],"collection":[{"href":"https:\/\/magazineweb.com.ar\/index.php?rest_route=\/wp\/v2\/posts"}],"about":[{"href":"https:\/\/magazineweb.com.ar\/index.php?rest_route=\/wp\/v2\/types\/post"}],"author":[{"embeddable":true,"href":"https:\/\/magazineweb.com.ar\/index.php?rest_route=\/wp\/v2\/users\/2"}],"replies":[{"embeddable":true,"href":"https:\/\/magazineweb.com.ar\/index.php?rest_route=%2Fwp%2Fv2%2Fcomments&post=9591"}],"version-history":[{"count":1,"href":"https:\/\/magazineweb.com.ar\/index.php?rest_route=\/wp\/v2\/posts\/9591\/revisions"}],"predecessor-version":[{"id":9597,"href":"https:\/\/magazineweb.com.ar\/index.php?rest_route=\/wp\/v2\/posts\/9591\/revisions\/9597"}],"wp:featuredmedia":[{"embeddable":true,"href":"https:\/\/magazineweb.com.ar\/index.php?rest_route=\/wp\/v2\/media\/9592"}],"wp:attachment":[{"href":"https:\/\/magazineweb.com.ar\/index.php?rest_route=%2Fwp%2Fv2%2Fmedia&parent=9591"}],"wp:term":[{"taxonomy":"category","embeddable":true,"href":"https:\/\/magazineweb.com.ar\/index.php?rest_route=%2Fwp%2Fv2%2Fcategories&post=9591"},{"taxonomy":"post_tag","embeddable":true,"href":"https:\/\/magazineweb.com.ar\/index.php?rest_route=%2Fwp%2Fv2%2Ftags&post=9591"}],"curies":[{"name":"wp","href":"https:\/\/api.w.org\/{rel}","templated":true}]}}