{"id":9626,"date":"2025-09-11T18:05:45","date_gmt":"2025-09-11T21:05:45","guid":{"rendered":"https:\/\/magazineweb.com.ar\/?p=9626"},"modified":"2025-09-11T18:05:47","modified_gmt":"2025-09-11T21:05:47","slug":"charlie-kirk-el-activista-asesinado-a-los-31-anos-en-utah-casado-y-padre-de-dos-hijos","status":"publish","type":"post","link":"https:\/\/magazineweb.com.ar\/?p=9626","title":{"rendered":"Charlie Kirk, el activista asesinado a los 31 a\u00f1os en Utah: casado y padre de dos hijos"},"content":{"rendered":"\n<h3 class=\"wp-block-heading\"><strong>Por Ani Moro<\/strong><\/h3>\n\n\n\n<p><strong>El activista conservador Charlie Kirk fue asesinado este mi\u00e9rcoles en Utah<\/strong>&nbsp;(Estados Unidos), durante un evento en la Universidad del Valle de Utah como parte de su gira&nbsp;<em>American Comeback Tour<\/em>. Seg\u00fan inform\u00f3 la portavoz de la universidad, Ellen Treanor, el ataque ocurri\u00f3 veinte minutos despu\u00e9s de que comenzara su intervenci\u00f3n en el campus, y el autor del tiroteo sigue sin ser localizado. Charlie, de 31 a\u00f1os, hab\u00eda ganado influencia en los \u00faltimos a\u00f1os gracias a la creaci\u00f3n de su organizaci\u00f3n&nbsp;<em>Turning Point USA<\/em>, y<strong>&nbsp;era un aliado muy pr\u00f3ximo a&nbsp;<\/strong><a href=\"https:\/\/es-us.vida-estilo.yahoo.com\/gesto-viral-trump-emoci%C3%B3n-rosal%C3%ADa-101028716.html\">Donald Trump<\/a><strong>, quien incluso le atribuy\u00f3 parte del m\u00e9rito por haber acercado a los votantes j\u00f3venes&nbsp;<\/strong>al Partido Republicano.<\/p>\n\n\n\n<figure class=\"wp-block-image\"><img decoding=\"async\" src=\"https:\/\/s.yimg.com\/ny\/api\/res\/1.2\/ywFG.H.470fxS8yDbF30Sw--\/YXBwaWQ9aGlnaGxhbmRlcjt3PTk2MDtoPTYzOTtjZj13ZWJw\/https:\/\/media.zenfs.com\/es\/hola.com\/afe0a8a0cea40c8abb3d7ee3cf0a3b5b\" alt=\"Charlie Kirk durante un acto pol\u00edtico en Estados Unidos\"\/><figcaption class=\"wp-element-caption\">(Getty Images)<\/figcaption><\/figure>\n\n\n\n<figure class=\"wp-block-image\"><img decoding=\"async\" src=\"https:\/\/s.yimg.com\/ny\/api\/res\/1.2\/omN5CnbcDAh7dG07fFUkJg--\/YXBwaWQ9aGlnaGxhbmRlcjt3PTk2MDtoPTYzOTtjZj13ZWJw\/https:\/\/media.zenfs.com\/es\/hola.com\/d589c75e02aa0a4f6ce2cc00a3ccbafb\" alt=\"Media Image\"\/><figcaption class=\"wp-element-caption\">(Getty Images)<\/figcaption><\/figure>\n\n\n\n<p><strong>Charlie Kirk se cas\u00f3 con Erika Frantzve en mayo de 2021<\/strong>, tres a\u00f1os despu\u00e9s de conocerse en un evento de&nbsp;<em>Turning Point USA<\/em>. En un v\u00eddeo para la organizaci\u00f3n, el propio activista cont\u00f3 detalles de su primer un encuentro, desvelando que fue una cena \u00abmuy larga\u00bb, durante la que se dio cuenta de que ella era \u00abla indicada\u00bb.<strong>&nbsp;Se casaron en una ceremonia \u00edntima en Arizona, sin grandes celebraciones.<\/strong><\/p>\n\n\n\n<figure class=\"wp-block-image\"><img decoding=\"async\" src=\"https:\/\/s.yimg.com\/ny\/api\/res\/1.2\/XT486b9G1Xroo.ywymD13g--\/YXBwaWQ9aGlnaGxhbmRlcjt3PTk2MDtoPTYzOTtjZj13ZWJw\/https:\/\/media.zenfs.com\/es\/hola.com\/b95a793c7b6a75d350f2137b849d7b07\" alt=\"Charlie Kirk y su mujer, Erika Lane Frantzve\"\/><figcaption class=\"wp-element-caption\">(Getty Images)<\/figcaption><\/figure>\n\n\n\n<p><strong>Erika es una mujer polifac\u00e9tica<\/strong>. Fue coronada<em><strong>&nbsp;Miss Arizona USA<\/strong><\/em><strong>&nbsp;en 2012 y m\u00e1s tarde estudi\u00f3 Ciencias Pol\u00edticas y Relaciones Internacionales<\/strong>&nbsp;en la Universidad Estatal de Arizona. Adem\u00e1s, obtuvo un m\u00e1ster en Derecho en Liberty University, una universidad cristiana conservadora, en 2017. En 2022,<strong>&nbsp;complet\u00f3 un doctorado en Liderazgo Cristiano<\/strong>. Tambi\u00e9n jug\u00f3 al baloncesto en la Universidad Regis, en Denver, Colorado.<\/p>\n\n\n\n<p><\/p>\n\n\n\n<p>Actualmente,<strong>&nbsp;trabaja como agente inmobiliaria&nbsp;<\/strong>con licencia en The Corcoran Group, en Nueva York. En 2006, fund\u00f3 la organizaci\u00f3n sin \u00e1nimo de lucro&nbsp;<em>Everyday Heroes Like You<\/em>. Madre de dos hijos, es la presentadora de un p\u00f3dcast llamado&nbsp;<em>Midweek Rise Up<\/em>&nbsp;y due\u00f1a de una marca de ropa llamada PROCLAIM.&nbsp;<strong>Se define a s\u00ed misma como una \u201cfil\u00e1ntropa multidimensional y emprendedora social\u00bb<\/strong>.<\/p>\n\n\n\n<figure class=\"wp-block-image\"><img decoding=\"async\" src=\"https:\/\/s.yimg.com\/ny\/api\/res\/1.2\/2PuAWqZ9WwoxpkudaKBuaA--\/YXBwaWQ9aGlnaGxhbmRlcjt3PTk2MDtoPTk2MDtjZj13ZWJw\/https:\/\/media.zenfs.com\/es\/hola.com\/4cffb66f426529ed8ea0bbb63ee53d82\" alt=\"Media Image\"\/><figcaption class=\"wp-element-caption\">(mrserikakirk)<\/figcaption><\/figure>\n\n\n\n<p><strong>Erika siempre ha apoyado las iniciativas conservadoras de su marido<\/strong>&nbsp;y, recientemente, hab\u00eda publicado que Kirk estaba trabajando duro por lograr un cambio. \u201cMi esposo, Charlie Kirk, es una fuerza imparable. Es valiente cuando el mundo exige silencio, no se achica donde otros dudan, y ha asumido la batalla por la pr\u00f3xima generaci\u00f3n, transformando corazones y mentes\u201d, compart\u00eda con admiraci\u00f3n.<\/p>\n\n\n\n<figure class=\"wp-block-image\"><img decoding=\"async\" src=\"https:\/\/s.yimg.com\/ny\/api\/res\/1.2\/LeaGCgW7WVmAyn_LmfpCTA--\/YXBwaWQ9aGlnaGxhbmRlcjt3PTk2MDtoPTk2MDtjZj13ZWJw\/https:\/\/media.zenfs.com\/es\/hola.com\/442e9427cb23141774d8ea190604f194\" alt=\"Charlie Kirk ysu mujer\"\/><figcaption class=\"wp-element-caption\">(Charlie Kirk)<\/figcaption><\/figure>\n\n\n\n<figure class=\"wp-block-image\"><img decoding=\"async\" src=\"https:\/\/s.yimg.com\/ny\/api\/res\/1.2\/3L.ZlBH2Hj0cEuI3MhkfUA--\/YXBwaWQ9aGlnaGxhbmRlcjt3PTk2MDtoPTk2MDtjZj13ZWJw\/https:\/\/media.zenfs.com\/es\/hola.com\/62fbb821426ed5f6c80463c68cbac344\" alt=\"Media Image\"\/><figcaption class=\"wp-element-caption\">(mrserikakirk)<\/figcaption><\/figure>\n\n\n\n<p>Charlie y Erika<strong>&nbsp;son padres de dos ni\u00f1os, una ni\u00f1a, de 3 a\u00f1os, y un ni\u00f1o, de tan solo 1<\/strong>. Siempre han procurado mantener sus nombres y rostros fuera de las redes sociales para proteger su privacidad. Aunque es frecuente que s\u00ed que suban im\u00e1genes familiares.<\/p>\n\n\n\n<figure class=\"wp-block-image\"><img decoding=\"async\" src=\"https:\/\/s.yimg.com\/ny\/api\/res\/1.2\/ca3yMTIibeASUF.4BDw2zA--\/YXBwaWQ9aGlnaGxhbmRlcjt3PTk2MDtoPTExMzA7Y2Y9d2VicA--\/https:\/\/media.zenfs.com\/es\/hola.com\/c7a66783b6e9a928113aa0e493f452e2\" alt=\" La imagen de Charlie Kirk con su familia\"\/><figcaption class=\"wp-element-caption\">(Charlie Kirk)<\/figcaption><\/figure>\n","protected":false},"excerpt":{"rendered":"<p>Por Ani Moro El activista conservador Charlie Kirk fue asesinado este mi\u00e9rcoles en Utah&nbsp;(Estados Unidos), durante un evento en la Universidad del Valle de Utah como parte de su gira&nbsp;American&hellip;<\/p>\n","protected":false},"author":2,"featured_media":9627,"comment_status":"closed","ping_status":"closed","sticky":false,"template":"","format":"standard","meta":{"footnotes":""},"categories":[4,10],"tags":[401,398,400,399,403,402],"class_list":["post-9626","post","type-post","status-publish","format-standard","has-post-thumbnail","hentry","category-destacados","category-internacionales","tag-asesinado","tag-charlie-kirk","tag-donald-trump","tag-erika-frantzve","tag-estados-unidos","tag-utah"],"rttpg_featured_image_url":{"full":["https:\/\/magazineweb.com.ar\/wp-content\/uploads\/2025\/09\/kirk-2025.jpg",300,168,false],"landscape":["https:\/\/magazineweb.com.ar\/wp-content\/uploads\/2025\/09\/kirk-2025.jpg",300,168,false],"portraits":["https:\/\/magazineweb.com.ar\/wp-content\/uploads\/2025\/09\/kirk-2025.jpg",300,168,false],"thumbnail":["https:\/\/magazineweb.com.ar\/wp-content\/uploads\/2025\/09\/kirk-2025-150x150.jpg",150,150,true],"medium":["https:\/\/magazineweb.com.ar\/wp-content\/uploads\/2025\/09\/kirk-2025.jpg",300,168,false],"large":["https:\/\/magazineweb.com.ar\/wp-content\/uploads\/2025\/09\/kirk-2025.jpg",300,168,false],"1536x1536":["https:\/\/magazineweb.com.ar\/wp-content\/uploads\/2025\/09\/kirk-2025.jpg",300,168,false],"2048x2048":["https:\/\/magazineweb.com.ar\/wp-content\/uploads\/2025\/09\/kirk-2025.jpg",300,168,false],"ultp_layout_landscape_large":["https:\/\/magazineweb.com.ar\/wp-content\/uploads\/2025\/09\/kirk-2025.jpg",300,168,false],"ultp_layout_landscape":["https:\/\/magazineweb.com.ar\/wp-content\/uploads\/2025\/09\/kirk-2025.jpg",300,168,false],"ultp_layout_portrait":["https:\/\/magazineweb.com.ar\/wp-content\/uploads\/2025\/09\/kirk-2025.jpg",300,168,false],"ultp_layout_square":["https:\/\/magazineweb.com.ar\/wp-content\/uploads\/2025\/09\/kirk-2025.jpg",300,168,false]},"rttpg_author":{"display_name":"Roxana Reinoso","author_link":"https:\/\/magazineweb.com.ar\/?author=2"},"rttpg_comment":0,"rttpg_category":"<a href=\"https:\/\/magazineweb.com.ar\/?cat=4\" rel=\"category\">Destacados<\/a> <a href=\"https:\/\/magazineweb.com.ar\/?cat=10\" rel=\"category\">Internacionales<\/a>","rttpg_excerpt":"Por Ani Moro El activista conservador Charlie Kirk fue asesinado este mi\u00e9rcoles en Utah&nbsp;(Estados Unidos), durante un evento en la Universidad del Valle de Utah como parte de su gira&nbsp;American&hellip;","_links":{"self":[{"href":"https:\/\/magazineweb.com.ar\/index.php?rest_route=\/wp\/v2\/posts\/9626","targetHints":{"allow":["GET"]}}],"collection":[{"href":"https:\/\/magazineweb.com.ar\/index.php?rest_route=\/wp\/v2\/posts"}],"about":[{"href":"https:\/\/magazineweb.com.ar\/index.php?rest_route=\/wp\/v2\/types\/post"}],"author":[{"embeddable":true,"href":"https:\/\/magazineweb.com.ar\/index.php?rest_route=\/wp\/v2\/users\/2"}],"replies":[{"embeddable":true,"href":"https:\/\/magazineweb.com.ar\/index.php?rest_route=%2Fwp%2Fv2%2Fcomments&post=9626"}],"version-history":[{"count":1,"href":"https:\/\/magazineweb.com.ar\/index.php?rest_route=\/wp\/v2\/posts\/9626\/revisions"}],"predecessor-version":[{"id":9628,"href":"https:\/\/magazineweb.com.ar\/index.php?rest_route=\/wp\/v2\/posts\/9626\/revisions\/9628"}],"wp:featuredmedia":[{"embeddable":true,"href":"https:\/\/magazineweb.com.ar\/index.php?rest_route=\/wp\/v2\/media\/9627"}],"wp:attachment":[{"href":"https:\/\/magazineweb.com.ar\/index.php?rest_route=%2Fwp%2Fv2%2Fmedia&parent=9626"}],"wp:term":[{"taxonomy":"category","embeddable":true,"href":"https:\/\/magazineweb.com.ar\/index.php?rest_route=%2Fwp%2Fv2%2Fcategories&post=9626"},{"taxonomy":"post_tag","embeddable":true,"href":"https:\/\/magazineweb.com.ar\/index.php?rest_route=%2Fwp%2Fv2%2Ftags&post=9626"}],"curies":[{"name":"wp","href":"https:\/\/api.w.org\/{rel}","templated":true}]}}