{"id":9713,"date":"2025-10-06T22:44:00","date_gmt":"2025-10-07T01:44:00","guid":{"rendered":"https:\/\/magazineweb.com.ar\/?p=9713"},"modified":"2025-10-26T18:45:11","modified_gmt":"2025-10-26T21:45:11","slug":"declaracion-de-la-mesa-de-organizaciones-politicas-de-berazategui","status":"publish","type":"post","link":"https:\/\/magazineweb.com.ar\/?p=9713","title":{"rendered":"Declaraci\u00f3n de La mesa de organizaciones pol\u00edticas de Berazategui"},"content":{"rendered":"\n<p>\u00abLos miembros de la Mesa De Organizaciones Pol\u00edticas de Berazategui declaramos que mientras Jos\u00e9 Luis Espert renuncia a su candidatura, el pueblo ve c\u00f3mo se caen las m\u00e1scaras del falso \u201ccambio\u201d que vino a salvar a la Argentina.<br>No se baja por dignidad: se baja porque el esc\u00e1ndalo narco que rodea a su espacio deja al descubierto el entramado de negocios, complicidades y corrupci\u00f3n detr\u00e1s del proyecto libertario.<\/p>\n\n\n\n<p>Hablaron de libertad, pero se aliaron con los mismos que lucran con la miseria del pueblo.<br>Prometieron terminar con la \u201ccasta\u201d, y hoy est\u00e1n embarrados hasta el cuello con los narcos y los especuladores que destruyen nuestros barrios.<br>Dicen ser distintos, pero son lo mismo de siempre: los que vienen a entregar la Patria mientras los trabajadores pagan el ajuste.<\/p>\n\n\n\n<p>Esta renuncia no es un hecho aislado: es una muestra de que el proyecto de Milei y sus socios se desmorona.<br>Porque cuando la pol\u00edtica se pone al servicio de los poderosos, termina chocando contra la realidad del pueblo que sufre, pero tambi\u00e9n que resiste.<\/p>\n\n\n\n<p>Desde el campo nacional y popular lo decimos con claridad:<br>no hay futuro posible con los que est\u00e1n al servicio del delito y del mercado.<br>El \u00fanico camino es el del trabajo, la organizaci\u00f3n y la soberan\u00eda nacional.<\/p>\n\n\n\n<p>Mientras ellos retroceden, nosotros avanzamos.<br>Mientras ellos se esconden, nosotros damos la cara.<br>Mientras ellos pactan con narcos, el campo nacional y popular milita por una Argentina justa, libre y solidaria.<\/p>\n\n\n\n<p>Por la Argentina, damos un paso al frente.<br>Por el pueblo, por la verdad y por la Patria\u00bb.<\/p>\n","protected":false},"excerpt":{"rendered":"<p>\u00abLos miembros de la Mesa De Organizaciones Pol\u00edticas de Berazategui declaramos que mientras Jos\u00e9 Luis Espert renuncia a su candidatura, el pueblo ve c\u00f3mo se caen las m\u00e1scaras del falso&hellip;<\/p>\n","protected":false},"author":2,"featured_media":9714,"comment_status":"closed","ping_status":"closed","sticky":false,"template":"","format":"standard","meta":{"footnotes":""},"categories":[13,15],"tags":[56,480,481],"class_list":["post-9713","post","type-post","status-publish","format-standard","has-post-thumbnail","hentry","category-politica","category-regional","tag-berazategui","tag-mesa-de-organizaciones","tag-politicas"],"rttpg_featured_image_url":{"full":["https:\/\/magazineweb.com.ar\/wp-content\/uploads\/2025\/10\/WhatsApp-Image-2025-10-06-at-11.35.13.jpeg",1080,1350,false],"landscape":["https:\/\/magazineweb.com.ar\/wp-content\/uploads\/2025\/10\/WhatsApp-Image-2025-10-06-at-11.35.13.jpeg",1080,1350,false],"portraits":["https:\/\/magazineweb.com.ar\/wp-content\/uploads\/2025\/10\/WhatsApp-Image-2025-10-06-at-11.35.13.jpeg",1080,1350,false],"thumbnail":["https:\/\/magazineweb.com.ar\/wp-content\/uploads\/2025\/10\/WhatsApp-Image-2025-10-06-at-11.35.13-150x150.jpeg",150,150,true],"medium":["https:\/\/magazineweb.com.ar\/wp-content\/uploads\/2025\/10\/WhatsApp-Image-2025-10-06-at-11.35.13-240x300.jpeg",240,300,true],"large":["https:\/\/magazineweb.com.ar\/wp-content\/uploads\/2025\/10\/WhatsApp-Image-2025-10-06-at-11.35.13-819x1024.jpeg",819,1024,true],"1536x1536":["https:\/\/magazineweb.com.ar\/wp-content\/uploads\/2025\/10\/WhatsApp-Image-2025-10-06-at-11.35.13.jpeg",1080,1350,false],"2048x2048":["https:\/\/magazineweb.com.ar\/wp-content\/uploads\/2025\/10\/WhatsApp-Image-2025-10-06-at-11.35.13.jpeg",1080,1350,false],"ultp_layout_landscape_large":["https:\/\/magazineweb.com.ar\/wp-content\/uploads\/2025\/10\/WhatsApp-Image-2025-10-06-at-11.35.13-1080x800.jpeg",1080,800,true],"ultp_layout_landscape":["https:\/\/magazineweb.com.ar\/wp-content\/uploads\/2025\/10\/WhatsApp-Image-2025-10-06-at-11.35.13-870x570.jpeg",870,570,true],"ultp_layout_portrait":["https:\/\/magazineweb.com.ar\/wp-content\/uploads\/2025\/10\/WhatsApp-Image-2025-10-06-at-11.35.13-600x900.jpeg",600,900,true],"ultp_layout_square":["https:\/\/magazineweb.com.ar\/wp-content\/uploads\/2025\/10\/WhatsApp-Image-2025-10-06-at-11.35.13-600x600.jpeg",600,600,true]},"rttpg_author":{"display_name":"Roxana Reinoso","author_link":"https:\/\/magazineweb.com.ar\/?author=2"},"rttpg_comment":0,"rttpg_category":"<a href=\"https:\/\/magazineweb.com.ar\/?cat=13\" rel=\"category\">Pol\u00edtica<\/a> <a href=\"https:\/\/magazineweb.com.ar\/?cat=15\" rel=\"category\">Regional<\/a>","rttpg_excerpt":"\u00abLos miembros de la Mesa De Organizaciones Pol\u00edticas de Berazategui declaramos que mientras Jos\u00e9 Luis Espert renuncia a su candidatura, el pueblo ve c\u00f3mo se caen las m\u00e1scaras del falso&hellip;","_links":{"self":[{"href":"https:\/\/magazineweb.com.ar\/index.php?rest_route=\/wp\/v2\/posts\/9713","targetHints":{"allow":["GET"]}}],"collection":[{"href":"https:\/\/magazineweb.com.ar\/index.php?rest_route=\/wp\/v2\/posts"}],"about":[{"href":"https:\/\/magazineweb.com.ar\/index.php?rest_route=\/wp\/v2\/types\/post"}],"author":[{"embeddable":true,"href":"https:\/\/magazineweb.com.ar\/index.php?rest_route=\/wp\/v2\/users\/2"}],"replies":[{"embeddable":true,"href":"https:\/\/magazineweb.com.ar\/index.php?rest_route=%2Fwp%2Fv2%2Fcomments&post=9713"}],"version-history":[{"count":1,"href":"https:\/\/magazineweb.com.ar\/index.php?rest_route=\/wp\/v2\/posts\/9713\/revisions"}],"predecessor-version":[{"id":9715,"href":"https:\/\/magazineweb.com.ar\/index.php?rest_route=\/wp\/v2\/posts\/9713\/revisions\/9715"}],"wp:featuredmedia":[{"embeddable":true,"href":"https:\/\/magazineweb.com.ar\/index.php?rest_route=\/wp\/v2\/media\/9714"}],"wp:attachment":[{"href":"https:\/\/magazineweb.com.ar\/index.php?rest_route=%2Fwp%2Fv2%2Fmedia&parent=9713"}],"wp:term":[{"taxonomy":"category","embeddable":true,"href":"https:\/\/magazineweb.com.ar\/index.php?rest_route=%2Fwp%2Fv2%2Fcategories&post=9713"},{"taxonomy":"post_tag","embeddable":true,"href":"https:\/\/magazineweb.com.ar\/index.php?rest_route=%2Fwp%2Fv2%2Ftags&post=9713"}],"curies":[{"name":"wp","href":"https:\/\/api.w.org\/{rel}","templated":true}]}}